{"id":15491,"date":"2026-02-23T16:27:17","date_gmt":"2026-02-23T19:27:17","guid":{"rendered":"https:\/\/jeffersonisac.adv.br\/index.php\/2026\/02\/23\/conselho-de-etica-ouve-deputado-marcos-pollon-e-testemunha-de-defesa\/"},"modified":"2026-02-23T16:27:17","modified_gmt":"2026-02-23T19:27:17","slug":"conselho-de-etica-ouve-deputado-marcos-pollon-e-testemunha-de-defesa","status":"publish","type":"post","link":"https:\/\/jeffersonisac.adv.br\/index.php\/2026\/02\/23\/conselho-de-etica-ouve-deputado-marcos-pollon-e-testemunha-de-defesa\/","title":{"rendered":"Conselho de \u00c9tica ouve deputado Marcos Pollon e testemunha de defesa"},"content":{"rendered":"<div class=\"image-container\">\n<div class=\"midia-creditos\"><em>Vinicius Loures\/C\u00e2mara dos Deputados<\/em><\/div>\n<div class=\"media-wrapper\"><\/div>\n<div class=\"midia-legenda\">Deputado Marcos Pollon<\/div>\n<\/div>\n<p>O Conselho de \u00c9tica e Decoro Parlamentar da C\u00e2mara dos Deputados realiza, nesta quarta-feira (25), reuni\u00e3o para ouvir o deputado Coronel Meira (PL-PE), na condi\u00e7\u00e3o de testemunha de defesa do deputado Marcos Pollon (PL-MS), e o pr\u00f3prio Pollon, alvo da <a href=\"https:\/\/www.camara.leg.br\/proposicoesWeb\/prop_mostrarintegra?codteor=3004838&amp;filename=REP%2026\/2025\">Representa\u00e7\u00e3o 26\/25<\/a>.<\/p>\n<p>A representa\u00e7\u00e3o pede a suspens\u00e3o de Pollon por declara\u00e7\u00f5es ofensivas ao presidente da C\u00e2mara durante ato p\u00fablico realizado em Campo Grande (MS) em agosto do ano passado.<\/p>\n<p>As oitivas fazem parte da instru\u00e7\u00e3o processual conduzida pelo Conselho de \u00c9tica e Decoro Parlamentar, respons\u00e1vel por analisar den\u00fancias e representa\u00e7\u00f5es envolvendo parlamentares. A reuni\u00e3o integra o andamento do processo e subsidia a delibera\u00e7\u00e3o do colegiado sobre o caso.<\/p>\n<p>A reuni\u00e3o ser\u00e1 realizada \u00e0s 14h, em plen\u00e1rio a ser definido.<\/p>\n<p><a href=\"https:\/\/www.camara.leg.br\/evento-legislativo\/81051\">Veja aqui a pauta da reuni\u00e3o<\/a><\/p>","protected":false},"excerpt":{"rendered":"<p>Vinicius Loures\/C\u00e2mara dos Deputados Deputado Marcos Pollon O Conselho de \u00c9tica e Decoro Parlamentar da C\u00e2mara dos Deputados realiza, nesta quarta-feira (25), reuni\u00e3o para ouvir o deputado Coronel Meira (PL-PE), na condi\u00e7\u00e3o de testemunha de defesa do deputado Marcos Pollon (PL-MS), e o pr\u00f3prio Pollon, alvo da Representa\u00e7\u00e3o 26\/25. A representa\u00e7\u00e3o pede a suspens\u00e3o de [&hellip;]<\/p>\n","protected":false},"author":0,"featured_media":0,"comment_status":"open","ping_status":"open","sticky":false,"template":"","format":"standard","meta":{"footnotes":""},"categories":[1],"tags":[],"_links":{"self":[{"href":"https:\/\/jeffersonisac.adv.br\/index.php\/wp-json\/wp\/v2\/posts\/15491"}],"collection":[{"href":"https:\/\/jeffersonisac.adv.br\/index.php\/wp-json\/wp\/v2\/posts"}],"about":[{"href":"https:\/\/jeffersonisac.adv.br\/index.php\/wp-json\/wp\/v2\/types\/post"}],"replies":[{"embeddable":true,"href":"https:\/\/jeffersonisac.adv.br\/index.php\/wp-json\/wp\/v2\/comments?post=15491"}],"version-history":[{"count":0,"href":"https:\/\/jeffersonisac.adv.br\/index.php\/wp-json\/wp\/v2\/posts\/15491\/revisions"}],"wp:attachment":[{"href":"https:\/\/jeffersonisac.adv.br\/index.php\/wp-json\/wp\/v2\/media?parent=15491"}],"wp:term":[{"taxonomy":"category","embeddable":true,"href":"https:\/\/jeffersonisac.adv.br\/index.php\/wp-json\/wp\/v2\/categories?post=15491"},{"taxonomy":"post_tag","embeddable":true,"href":"https:\/\/jeffersonisac.adv.br\/index.php\/wp-json\/wp\/v2\/tags?post=15491"}],"curies":[{"name":"wp","href":"https:\/\/api.w.org\/{rel}","templated":true}]}}