{"id":15492,"date":"2026-02-23T17:25:15","date_gmt":"2026-02-23T20:25:15","guid":{"rendered":"https:\/\/jeffersonisac.adv.br\/index.php\/2026\/02\/23\/comissao-especial-debate-papel-dos-biocombustiveis-na-transicao-energetica\/"},"modified":"2026-02-23T17:25:15","modified_gmt":"2026-02-23T20:25:15","slug":"comissao-especial-debate-papel-dos-biocombustiveis-na-transicao-energetica","status":"publish","type":"post","link":"https:\/\/jeffersonisac.adv.br\/index.php\/2026\/02\/23\/comissao-especial-debate-papel-dos-biocombustiveis-na-transicao-energetica\/","title":{"rendered":"Comiss\u00e3o especial debate papel dos biocombust\u00edveis na transi\u00e7\u00e3o energ\u00e9tica"},"content":{"rendered":"<div class=\"image-container\">\n<div class=\"midia-creditos\"><em>GettyImages<\/em><\/div>\n<div class=\"media-wrapper\"><\/div>\n<div class=\"midia-legenda\">Audi\u00eancia vai debater os biocombust\u00edveis na produ\u00e7\u00e3o de hidrog\u00eanio verde<\/div>\n<\/div>\n<p>A <span class=\"termoGlossario\">comiss\u00e3o especial<\/span> da C\u00e2mara dos Deputados sobre transi\u00e7\u00e3o energ\u00e9tica e produ\u00e7\u00e3o de hidrog\u00eanio verde promove, nesta quarta-feira (25), o semin\u00e1rio \u201cMapa do Caminho &#8211; Biocombust\u00edveis: a Rota mais Curta\u201d. O evento ser\u00e1 realizado \u00e0s 14 horas, no plen\u00e1rio 8.<\/p>\n<p><a href=\"https:\/\/www.camara.leg.br\/evento-legislativo\/81025\">Veja a pauta completa.<\/a><\/p>\n<p>O debate foi proposto pelo presidente da comiss\u00e3o, deputado Arnaldo Jardim\u00a0 (Cidadania-SP), e pelo deputado Bacelar (PV-BA).<\/p>\n<p>Segundo os parlamentares, estudo internacional aponta que a produ\u00e7\u00e3o de <span class=\"termoGlossario\">biocombust\u00edveis<\/span> a partir da cana-de-a\u00e7\u00facar no Brasil pode ser aumentada em mais de 40% sem a necessidade de expandir a \u00e1rea cultivada. Eles destacam ainda que o di\u00f3xido de carbono (CO2) liberado durante a produ\u00e7\u00e3o de etanol pode ser convertido em metanol com o uso de hidrog\u00eanio produzido no mesmo processo.<\/p>\n<p>\u201cTrata-se de uma alternativa promissora para momentos como os atuais, de escassez de energia\u201d, afirmam na justificativa.<\/p>\n<p><strong>Alternativas<\/strong><br \/>\nOs deputados ressaltam que o semin\u00e1rio pretende discutir alternativas de descarboniza\u00e7\u00e3o associadas ao uso do etanol e de outros biocombust\u00edveis.<\/p>\n<p>\u201cA partir dessa audi\u00eancia p\u00fablica, pretende-se conhecer as alternativas poss\u00edveis de descaboniza\u00e7\u00e3o que o uso do etanol e de outros biocombust\u00edveis oferecem, o que ampliar\u00e1 as possibilidades de debate e permitir\u00e1 a constru\u00e7\u00e3o de opini\u00e3o a partir de s\u00f3lidos conhecimentos sobre o assunto\u201d, dizem.<\/p>\n<p>A iniciativa busca subsidiar os trabalhos da comiss\u00e3o especial e ampliar o debate sobre o papel dos biocombust\u00edveis na transi\u00e7\u00e3o energ\u00e9tica e na produ\u00e7\u00e3o de hidrog\u00eanio verde.<\/p>","protected":false},"excerpt":{"rendered":"<p>GettyImages Audi\u00eancia vai debater os biocombust\u00edveis na produ\u00e7\u00e3o de hidrog\u00eanio verde A comiss\u00e3o especial da C\u00e2mara dos Deputados sobre transi\u00e7\u00e3o energ\u00e9tica e produ\u00e7\u00e3o de hidrog\u00eanio verde promove, nesta quarta-feira (25), o semin\u00e1rio \u201cMapa do Caminho &#8211; Biocombust\u00edveis: a Rota mais Curta\u201d. O evento ser\u00e1 realizado \u00e0s 14 horas, no plen\u00e1rio 8. Veja a pauta completa. [&hellip;]<\/p>\n","protected":false},"author":0,"featured_media":0,"comment_status":"open","ping_status":"open","sticky":false,"template":"","format":"standard","meta":{"footnotes":""},"categories":[1],"tags":[],"_links":{"self":[{"href":"https:\/\/jeffersonisac.adv.br\/index.php\/wp-json\/wp\/v2\/posts\/15492"}],"collection":[{"href":"https:\/\/jeffersonisac.adv.br\/index.php\/wp-json\/wp\/v2\/posts"}],"about":[{"href":"https:\/\/jeffersonisac.adv.br\/index.php\/wp-json\/wp\/v2\/types\/post"}],"replies":[{"embeddable":true,"href":"https:\/\/jeffersonisac.adv.br\/index.php\/wp-json\/wp\/v2\/comments?post=15492"}],"version-history":[{"count":0,"href":"https:\/\/jeffersonisac.adv.br\/index.php\/wp-json\/wp\/v2\/posts\/15492\/revisions"}],"wp:attachment":[{"href":"https:\/\/jeffersonisac.adv.br\/index.php\/wp-json\/wp\/v2\/media?parent=15492"}],"wp:term":[{"taxonomy":"category","embeddable":true,"href":"https:\/\/jeffersonisac.adv.br\/index.php\/wp-json\/wp\/v2\/categories?post=15492"},{"taxonomy":"post_tag","embeddable":true,"href":"https:\/\/jeffersonisac.adv.br\/index.php\/wp-json\/wp\/v2\/tags?post=15492"}],"curies":[{"name":"wp","href":"https:\/\/api.w.org\/{rel}","templated":true}]}}