{"id":15493,"date":"2026-02-23T18:27:42","date_gmt":"2026-02-23T21:27:42","guid":{"rendered":"https:\/\/jeffersonisac.adv.br\/index.php\/2026\/02\/23\/presidente-da-cpmi-do-inss-quer-recorrer-da-decisao-do-stf-de-liberar-vorcaro\/"},"modified":"2026-02-23T18:27:42","modified_gmt":"2026-02-23T21:27:42","slug":"presidente-da-cpmi-do-inss-quer-recorrer-da-decisao-do-stf-de-liberar-vorcaro","status":"publish","type":"post","link":"https:\/\/jeffersonisac.adv.br\/index.php\/2026\/02\/23\/presidente-da-cpmi-do-inss-quer-recorrer-da-decisao-do-stf-de-liberar-vorcaro\/","title":{"rendered":"Presidente da CPMI do INSS quer recorrer da decis\u00e3o do STF de liberar Vorcaro"},"content":{"rendered":"<div class=\"image-container\">\n<div class=\"midia-creditos\"><em>Kayo Magalh\u00e3es\/C\u00e2mara dos Deputados<\/em><\/div>\n<div class=\"media-wrapper\"><\/div>\n<div class=\"midia-legenda\">Carlos Viana: libera\u00e7\u00e3o de Vorcaro &#8220;interfere e atrasa investiga\u00e7\u00f5es&#8221;<\/div>\n<\/div>\n<p>O presidente da <span class=\"termoGlossario\">CPMI<\/span> do INSS, senador Carlos Viana (Podemos-MG), informou que vai recorrer ao Supremo Tribunal Federal (STF) ap\u00f3s decis\u00e3o do ministro Andr\u00e9 Mendon\u00e7a que desobrigou o empres\u00e1rio Daniel Vorcaro, dono do Banco Master, de comparecer \u00e0 comiss\u00e3o nesta segunda-feira (23).<\/p>\n<p>Segundo Viana, ele tamb\u00e9m pedir\u00e1 reuni\u00e3o com o ministro para tratar do assunto. O senador afirmou que, caso Vorcaro n\u00e3o compare\u00e7a, poder\u00e1 solicitar a condu\u00e7\u00e3o coercitiva do empres\u00e1rio.<\/p>\n<p>Em entrevista coletiva, Viana declarou que a decis\u00e3o \u201cinterfere e atrasa as investiga\u00e7\u00f5es\u201d. Ele acrescentou que, se o Supremo reverter o entendimento, o empres\u00e1rio ser\u00e1 obrigado a comparecer. \u201cN\u00e3o \u00e9 porque ele \u00e9 banqueiro que receber\u00e1 benef\u00edcio\u201d, afirmou.<\/p>\n<p>O senador disse que havia acordo para a ida de Vorcaro a Bras\u00edlia. De acordo com ele, o empres\u00e1rio viajaria em jato contratado por seus advogados, com escolta da Pol\u00edcia Federal e da Pol\u00edcia Legislativa do Senado.<\/p>\n<p>Viana afirmou ainda que n\u00e3o concorda com a proposta da defesa de realizar reuni\u00e3o fechada em S\u00e3o Paulo com parte dos integrantes da comiss\u00e3o. Tamb\u00e9m rejeitou a possibilidade de transporte em aeronave da Pol\u00edcia Federal. Segundo ele, a medida poderia custar entre R$ 150 mil e R$ 200 mil aos cofres p\u00fablicos.<\/p>\n<p>\u201cO empres\u00e1rio n\u00e3o ter\u00e1 privil\u00e9gio na comiss\u00e3o. Vou defender que compare\u00e7a presencialmente para prestar esclarecimentos\u201d, declarou.<\/p>\n<p><strong>Pr\u00f3xima reuni\u00e3o<br \/>\n<\/strong>Viana informou que a reuni\u00e3o de quinta-feira (26) ser\u00e1 destinada \u00e0 vota\u00e7\u00e3o de requerimentos de convoca\u00e7\u00e3o e de quebra de sigilo.<\/p>\n<p>Segundo o senador, essa pode ser a \u00faltima oportunidade para deliberar sobre convoca\u00e7\u00f5es e quebras de sigilo, caso n\u00e3o haja prorroga\u00e7\u00e3o da CPMI.<\/p>\n<p>\u201cJ\u00e1 avan\u00e7amos muito, mas todos os convocados precisam comparecer\u201d, afirmou.<\/p>\n<p><strong>Prorroga\u00e7\u00e3o<br \/>\n<\/strong>O presidente da CPMI voltou a defender a prorroga\u00e7\u00e3o dos trabalhos por mais 60 dias. Ele disse que poder\u00e1 recorrer ao STF para garantir a continuidade da investiga\u00e7\u00e3o.<\/p>\n<p>\u201cTemos as assinaturas necess\u00e1rias e precedentes que permitem a prorroga\u00e7\u00e3o\u201d, declarou.<\/p>\n<p><strong>Investiga\u00e7\u00e3o do Banco Master<br \/>\n<\/strong>Viana afirmou que apoia a cria\u00e7\u00e3o de uma CPMI para investigar o Banco Master e informou que j\u00e1 assinou o pedido de cria\u00e7\u00e3o.<\/p>\n<p>A Advocacia do Senado entregou \u00e0 Pol\u00edcia Federal, na semana passada, dados obtidos na quebra de sigilo de Daniel Vorcaro. A comiss\u00e3o aguarda a devolu\u00e7\u00e3o dos documentos, que ficar\u00e3o sob responsabilidade da presid\u00eancia da CPMI.<\/p>","protected":false},"excerpt":{"rendered":"<p>Kayo Magalh\u00e3es\/C\u00e2mara dos Deputados Carlos Viana: libera\u00e7\u00e3o de Vorcaro &#8220;interfere e atrasa investiga\u00e7\u00f5es&#8221; O presidente da CPMI do INSS, senador Carlos Viana (Podemos-MG), informou que vai recorrer ao Supremo Tribunal Federal (STF) ap\u00f3s decis\u00e3o do ministro Andr\u00e9 Mendon\u00e7a que desobrigou o empres\u00e1rio Daniel Vorcaro, dono do Banco Master, de comparecer \u00e0 comiss\u00e3o nesta segunda-feira (23). [&hellip;]<\/p>\n","protected":false},"author":0,"featured_media":0,"comment_status":"open","ping_status":"open","sticky":false,"template":"","format":"standard","meta":{"footnotes":""},"categories":[1],"tags":[],"_links":{"self":[{"href":"https:\/\/jeffersonisac.adv.br\/index.php\/wp-json\/wp\/v2\/posts\/15493"}],"collection":[{"href":"https:\/\/jeffersonisac.adv.br\/index.php\/wp-json\/wp\/v2\/posts"}],"about":[{"href":"https:\/\/jeffersonisac.adv.br\/index.php\/wp-json\/wp\/v2\/types\/post"}],"replies":[{"embeddable":true,"href":"https:\/\/jeffersonisac.adv.br\/index.php\/wp-json\/wp\/v2\/comments?post=15493"}],"version-history":[{"count":0,"href":"https:\/\/jeffersonisac.adv.br\/index.php\/wp-json\/wp\/v2\/posts\/15493\/revisions"}],"wp:attachment":[{"href":"https:\/\/jeffersonisac.adv.br\/index.php\/wp-json\/wp\/v2\/media?parent=15493"}],"wp:term":[{"taxonomy":"category","embeddable":true,"href":"https:\/\/jeffersonisac.adv.br\/index.php\/wp-json\/wp\/v2\/categories?post=15493"},{"taxonomy":"post_tag","embeddable":true,"href":"https:\/\/jeffersonisac.adv.br\/index.php\/wp-json\/wp\/v2\/tags?post=15493"}],"curies":[{"name":"wp","href":"https:\/\/api.w.org\/{rel}","templated":true}]}}