{"id":15494,"date":"2026-02-23T19:30:59","date_gmt":"2026-02-23T22:30:59","guid":{"rendered":"https:\/\/jeffersonisac.adv.br\/index.php\/2026\/02\/23\/projeto-dobra-prazo-para-cobranca-de-dividas-de-r-500-mil-ou-mais\/"},"modified":"2026-02-23T19:30:59","modified_gmt":"2026-02-23T22:30:59","slug":"projeto-dobra-prazo-para-cobranca-de-dividas-de-r-500-mil-ou-mais","status":"publish","type":"post","link":"https:\/\/jeffersonisac.adv.br\/index.php\/2026\/02\/23\/projeto-dobra-prazo-para-cobranca-de-dividas-de-r-500-mil-ou-mais\/","title":{"rendered":"Projeto dobra prazo para cobran\u00e7a de d\u00edvidas de R$ 500 mil ou mais"},"content":{"rendered":"<div class=\"image-container\">\n<div class=\"midia-creditos\"><em>Vinicius Loures \/ C\u00e2mara dos Deputados<\/em><\/div>\n<div class=\"media-wrapper\"><\/div>\n<div class=\"midia-legenda\">Amom Mandel: legisla\u00e7\u00e3o atual protege devedor de forma irrazo\u00e1vel<\/div>\n<\/div>\n<p>O Projeto de Lei 6212\/25, do deputado Amom Mandel (Cidadania-AM), estabelece contagem em dobro do prazo da prescri\u00e7\u00e3o intercorrente (quando o processo fica parado por tempo demais e a cobran\u00e7a perde a validade) nos processos de execu\u00e7\u00e3o em que o valor atualizado da d\u00edvida seja de R$ 500 mil ou mais. Nesse tipo de caso, vale o dobro do prazo normal de prescri\u00e7\u00e3o previsto para a cobran\u00e7a principal.<\/p>\n<p>A proposta, que inclui a regra no <a href=\"https:\/\/www2.camara.leg.br\/legin\/fed\/lei\/2015\/lei-13105-16-marco-2015-780273-norma-pl.html\">C\u00f3digo de Processo Civil (CPC)<\/a>, est\u00e1 em an\u00e1lise na C\u00e2mara dos Deputados.<\/p>\n<p>Segundo Mandel, a legisla\u00e7\u00e3o atual sobre a prescri\u00e7\u00e3o intercorrente tem levado \u00e0 extin\u00e7\u00e3o prematura de execu\u00e7\u00f5es e a uma prote\u00e7\u00e3o irrazo\u00e1vel do devedor, em especial aquelas de grande valor econ\u00f4mico.<\/p>\n<p>Ele citou caso iniciado pelo Banco do Estado do Par\u00e1 (Banpar\u00e1) em 1986 contra um supermercado. O processo, com d\u00edvida atualizada de mais de R$ 12 milh\u00f5es, foi extinto por ter ficado parado por mais de 14 anos. &#8220;A complexidade da busca por elementos cab\u00edveis para execu\u00e7\u00e3o da d\u00edvida, aliada \u00e0 morosidade judicial, podem resultar em decis\u00f5es que lesem o credor e facilitem a inadimpl\u00eancia do devedor&#8221;, afirmou Mandel.<\/p>\n<p>A aprova\u00e7\u00e3o da proposta vai proteger o interesse dos credores que t\u00eam altos valores a receber, de acordo com o deputado. &#8220;\u00c9 passo inicial para equilibrar a celeridade processual com a real efetividade da execu\u00e7\u00e3o, preservando a boa-f\u00e9 e garantindo que o processo n\u00e3o se torne um incentivo \u00e0 inadimpl\u00eancia&#8221;, disse.<\/p>\n<p><strong>Pr\u00f3ximos passos<\/strong><br \/>\nA proposta ser\u00e1 analisada em <span class=\"termoGlossario\">car\u00e1ter conclusivo<\/span> pela Comiss\u00e3o de Constitui\u00e7\u00e3o e Justi\u00e7a e de Cidadania. Para virar lei, precisa passar pela C\u00e2mara e pelo Senado.<\/p>\n<p><a href=\"https:\/\/www.camara.leg.br\/noticias\/573454-SAIBA-MAIS-SOBRE-A-TRAMITACAO-DE-PROJETOS-DE-LEI\">Saiba mais sobre a tramita\u00e7\u00e3o de projetos de lei<\/a><\/p>","protected":false},"excerpt":{"rendered":"<p>Vinicius Loures \/ C\u00e2mara dos Deputados Amom Mandel: legisla\u00e7\u00e3o atual protege devedor de forma irrazo\u00e1vel O Projeto de Lei 6212\/25, do deputado Amom Mandel (Cidadania-AM), estabelece contagem em dobro do prazo da prescri\u00e7\u00e3o intercorrente (quando o processo fica parado por tempo demais e a cobran\u00e7a perde a validade) nos processos de execu\u00e7\u00e3o em que o [&hellip;]<\/p>\n","protected":false},"author":0,"featured_media":0,"comment_status":"open","ping_status":"open","sticky":false,"template":"","format":"standard","meta":{"footnotes":""},"categories":[1],"tags":[],"_links":{"self":[{"href":"https:\/\/jeffersonisac.adv.br\/index.php\/wp-json\/wp\/v2\/posts\/15494"}],"collection":[{"href":"https:\/\/jeffersonisac.adv.br\/index.php\/wp-json\/wp\/v2\/posts"}],"about":[{"href":"https:\/\/jeffersonisac.adv.br\/index.php\/wp-json\/wp\/v2\/types\/post"}],"replies":[{"embeddable":true,"href":"https:\/\/jeffersonisac.adv.br\/index.php\/wp-json\/wp\/v2\/comments?post=15494"}],"version-history":[{"count":0,"href":"https:\/\/jeffersonisac.adv.br\/index.php\/wp-json\/wp\/v2\/posts\/15494\/revisions"}],"wp:attachment":[{"href":"https:\/\/jeffersonisac.adv.br\/index.php\/wp-json\/wp\/v2\/media?parent=15494"}],"wp:term":[{"taxonomy":"category","embeddable":true,"href":"https:\/\/jeffersonisac.adv.br\/index.php\/wp-json\/wp\/v2\/categories?post=15494"},{"taxonomy":"post_tag","embeddable":true,"href":"https:\/\/jeffersonisac.adv.br\/index.php\/wp-json\/wp\/v2\/tags?post=15494"}],"curies":[{"name":"wp","href":"https:\/\/api.w.org\/{rel}","templated":true}]}}