{"id":15496,"date":"2026-02-24T08:27:47","date_gmt":"2026-02-24T11:27:47","guid":{"rendered":"https:\/\/jeffersonisac.adv.br\/index.php\/2026\/02\/24\/cancelado-debate-sobre-inclusao-de-hidrovias-da-amazonia-no-programa-nacional-de-desestatizacao\/"},"modified":"2026-02-24T08:27:47","modified_gmt":"2026-02-24T11:27:47","slug":"cancelado-debate-sobre-inclusao-de-hidrovias-da-amazonia-no-programa-nacional-de-desestatizacao","status":"publish","type":"post","link":"https:\/\/jeffersonisac.adv.br\/index.php\/2026\/02\/24\/cancelado-debate-sobre-inclusao-de-hidrovias-da-amazonia-no-programa-nacional-de-desestatizacao\/","title":{"rendered":"Cancelado debate sobre inclus\u00e3o de hidrovias da Amaz\u00f4nia no Programa Nacional de Desestatiza\u00e7\u00e3o"},"content":{"rendered":"<div class=\"image-container\">\n<div class=\"midia-creditos\"><em>Minist\u00e9rio da Infraestrutura<\/em><\/div>\n<div class=\"media-wrapper\"><\/div>\n<div class=\"midia-legenda\">Rio Madeira, em Rond\u00f4nia<\/div>\n<\/div>\n<p>A Comiss\u00e3o da Amaz\u00f4nia e dos Povos Origin\u00e1rios e Tradicionais da C\u00e2mara dos Deputados cancelou a audi\u00eancia p\u00fablica que realizaria nesta ter\u00e7a-feira (24) para discutir o projeto (PDL 942\/25) que susta os efeitos do <a class=\"linkLegislacao\" href=\"https:\/\/www2.camara.gov.br\/legin\/fed\/decret\/2025\/decreto-12600-28-agosto-2025-797894-norma-pe.html\">Decreto 12.600\/25<\/a>, que inclui as hidrovias dos rios Madeira, Tocantins e Tapaj\u00f3s no Programa Nacional de Desestatiza\u00e7\u00e3o (PND).<\/p>\n<p>Ainda n\u00e3o foi marcada nova data para a audi\u00eancia.<\/p>\n<p><strong>Impacto<\/strong><br \/>\nO debate foi solicitado pela deputada C\u00e9lia Xakriab\u00e1 (Psol-MG) e pelo deputado Airton Faleiro (PT-PA). Eles destacam que a inclus\u00e3o das hidrovias no PND representa medida de grande impacto ambiental, social, cultural, espiritual e territorial, especialmente para povos ind\u00edgenas e comunidades tradicionais que dependem dos rios para sua sobreviv\u00eancia.<\/p>\n<p>&#8220;Os rios n\u00e3o s\u00e3o infraestruturas log\u00edsticas, mas sim elementos estruturantes dos territ\u00f3rios, dos modos de vida e da seguran\u00e7a alimentar dessas popula\u00e7\u00f5es\u201d, afirmam no documento em que pedem a audi\u00eancia.<\/p>\n<p>C\u00e9lia Xakriab\u00e1 e Airton Faleiro relatam ainda que diversas organiza\u00e7\u00f5es ind\u00edgenas e da sociedade civil t\u00eam denunciado que o Decreto 12.600\/25 foi editado sem a realiza\u00e7\u00e3o de consulta livre, pr\u00e9via e informada, em desacordo com o artigo 231 da Constitui\u00e7\u00e3o e com a Conven\u00e7\u00e3o 169 da Organiza\u00e7\u00e3o Internacional do Trabalho (OIT), da qual o Brasil \u00e9 signat\u00e1rio.<\/p>\n<p>Eles tamb\u00e9m apontam que h\u00e1 preocupa\u00e7\u00e3o com a aus\u00eancia de estudos de impacto socioambiental que considerem os efeitos das obras de dragagem, concess\u00f5es e aumento do tr\u00e1fego hidrovi\u00e1rio nos ecossistemas amaz\u00f4nicos.<\/p>\n<p>&#8220;Diante desse cen\u00e1rio, a realiza\u00e7\u00e3o de audi\u00eancia p\u00fablica mostra-se necess\u00e1ria e urgente, tanto para subsidiar a an\u00e1lise do PDL 942\/25 quanto para garantir que o Parlamento cumpra seu papel constitucional de fiscaliza\u00e7\u00e3o dos atos do Poder Executivo e de defesa dos direitos dos povos origin\u00e1rios e tradicionais da Amaz\u00f4nia&#8221;, dizem.<\/p>","protected":false},"excerpt":{"rendered":"<p>Minist\u00e9rio da Infraestrutura Rio Madeira, em Rond\u00f4nia A Comiss\u00e3o da Amaz\u00f4nia e dos Povos Origin\u00e1rios e Tradicionais da C\u00e2mara dos Deputados cancelou a audi\u00eancia p\u00fablica que realizaria nesta ter\u00e7a-feira (24) para discutir o projeto (PDL 942\/25) que susta os efeitos do Decreto 12.600\/25, que inclui as hidrovias dos rios Madeira, Tocantins e Tapaj\u00f3s no Programa [&hellip;]<\/p>\n","protected":false},"author":0,"featured_media":0,"comment_status":"open","ping_status":"open","sticky":false,"template":"","format":"standard","meta":{"footnotes":""},"categories":[1],"tags":[],"_links":{"self":[{"href":"https:\/\/jeffersonisac.adv.br\/index.php\/wp-json\/wp\/v2\/posts\/15496"}],"collection":[{"href":"https:\/\/jeffersonisac.adv.br\/index.php\/wp-json\/wp\/v2\/posts"}],"about":[{"href":"https:\/\/jeffersonisac.adv.br\/index.php\/wp-json\/wp\/v2\/types\/post"}],"replies":[{"embeddable":true,"href":"https:\/\/jeffersonisac.adv.br\/index.php\/wp-json\/wp\/v2\/comments?post=15496"}],"version-history":[{"count":0,"href":"https:\/\/jeffersonisac.adv.br\/index.php\/wp-json\/wp\/v2\/posts\/15496\/revisions"}],"wp:attachment":[{"href":"https:\/\/jeffersonisac.adv.br\/index.php\/wp-json\/wp\/v2\/media?parent=15496"}],"wp:term":[{"taxonomy":"category","embeddable":true,"href":"https:\/\/jeffersonisac.adv.br\/index.php\/wp-json\/wp\/v2\/categories?post=15496"},{"taxonomy":"post_tag","embeddable":true,"href":"https:\/\/jeffersonisac.adv.br\/index.php\/wp-json\/wp\/v2\/tags?post=15496"}],"curies":[{"name":"wp","href":"https:\/\/api.w.org\/{rel}","templated":true}]}}