{"id":15497,"date":"2026-02-24T09:28:47","date_gmt":"2026-02-24T12:28:47","guid":{"rendered":"https:\/\/jeffersonisac.adv.br\/index.php\/2026\/02\/24\/comissao-sobre-direitos-das-pessoas-com-deficiencia-debate-plano-de-trabalho-para-2026-participe\/"},"modified":"2026-02-24T09:28:47","modified_gmt":"2026-02-24T12:28:47","slug":"comissao-sobre-direitos-das-pessoas-com-deficiencia-debate-plano-de-trabalho-para-2026-participe","status":"publish","type":"post","link":"https:\/\/jeffersonisac.adv.br\/index.php\/2026\/02\/24\/comissao-sobre-direitos-das-pessoas-com-deficiencia-debate-plano-de-trabalho-para-2026-participe\/","title":{"rendered":"Comiss\u00e3o sobre direitos das pessoas com defici\u00eancia debate plano de trabalho para 2026; participe"},"content":{"rendered":"<div class=\"image-container\">\n<div class=\"midia-creditos\"><em>Bruno Spada\/C\u00e2mara dos Deputados<\/em><\/div>\n<div class=\"media-wrapper\"><\/div>\n<div class=\"midia-legenda\">Rodrigo Rollemberg: o objetivo \u00e9 identificar as principais demandas na \u00e1rea<\/div>\n<\/div>\n<p>A Comiss\u00e3o de Defesa dos Direitos das Pessoas com Defici\u00eancia da C\u00e2mara dos Deputados promove semin\u00e1rio nesta ter\u00e7a-feira (24) para discutir a elabora\u00e7\u00e3o do plano de trabalho do colegiado para 2026.<\/p>\n<p>O evento ser\u00e1 realizado no plen\u00e1rio 13, \u00e0s 14 horas.<\/p>\n<p><a href=\"https:\/\/www.camara.leg.br\/evento-legislativo\/81036\">Veja quem foi convidado e envie suas perguntas<\/a><\/p>\n<p>O debate atende a pedido do presidente da comiss\u00e3o, deputado Rodrigo Rollemberg\u00a0 (PSB-DF). Segundo ele, o objetivo \u00e9 identificar as principais demandas na \u00e1rea e orientar as atividades dos parlamentares ao longo do ano.<\/p>\n<p>O encontro reunir\u00e1 representantes da sociedade civil, entidades p\u00fablicas e privadas e movimentos sociais.<\/p>\n<p>A comiss\u00e3o \u00e9 respons\u00e1vel por acompanhar e discutir pol\u00edticas p\u00fablicas voltadas \u00e0 promo\u00e7\u00e3o e \u00e0 defesa dos direitos das pessoas com defici\u00eancia.<\/p>","protected":false},"excerpt":{"rendered":"<p>Bruno Spada\/C\u00e2mara dos Deputados Rodrigo Rollemberg: o objetivo \u00e9 identificar as principais demandas na \u00e1rea A Comiss\u00e3o de Defesa dos Direitos das Pessoas com Defici\u00eancia da C\u00e2mara dos Deputados promove semin\u00e1rio nesta ter\u00e7a-feira (24) para discutir a elabora\u00e7\u00e3o do plano de trabalho do colegiado para 2026. O evento ser\u00e1 realizado no plen\u00e1rio 13, \u00e0s 14 [&hellip;]<\/p>\n","protected":false},"author":0,"featured_media":0,"comment_status":"open","ping_status":"open","sticky":false,"template":"","format":"standard","meta":{"footnotes":""},"categories":[1],"tags":[],"_links":{"self":[{"href":"https:\/\/jeffersonisac.adv.br\/index.php\/wp-json\/wp\/v2\/posts\/15497"}],"collection":[{"href":"https:\/\/jeffersonisac.adv.br\/index.php\/wp-json\/wp\/v2\/posts"}],"about":[{"href":"https:\/\/jeffersonisac.adv.br\/index.php\/wp-json\/wp\/v2\/types\/post"}],"replies":[{"embeddable":true,"href":"https:\/\/jeffersonisac.adv.br\/index.php\/wp-json\/wp\/v2\/comments?post=15497"}],"version-history":[{"count":0,"href":"https:\/\/jeffersonisac.adv.br\/index.php\/wp-json\/wp\/v2\/posts\/15497\/revisions"}],"wp:attachment":[{"href":"https:\/\/jeffersonisac.adv.br\/index.php\/wp-json\/wp\/v2\/media?parent=15497"}],"wp:term":[{"taxonomy":"category","embeddable":true,"href":"https:\/\/jeffersonisac.adv.br\/index.php\/wp-json\/wp\/v2\/categories?post=15497"},{"taxonomy":"post_tag","embeddable":true,"href":"https:\/\/jeffersonisac.adv.br\/index.php\/wp-json\/wp\/v2\/tags?post=15497"}],"curies":[{"name":"wp","href":"https:\/\/api.w.org\/{rel}","templated":true}]}}