{"id":15499,"date":"2026-02-24T10:24:44","date_gmt":"2026-02-24T13:24:44","guid":{"rendered":"https:\/\/jeffersonisac.adv.br\/index.php\/2026\/02\/24\/representacao-brasileira-no-parlasul-retoma-analise-do-acordo-entre-uniao-europeia-e-mercosul-nesta-terca-feira\/"},"modified":"2026-02-24T10:24:44","modified_gmt":"2026-02-24T13:24:44","slug":"representacao-brasileira-no-parlasul-retoma-analise-do-acordo-entre-uniao-europeia-e-mercosul-nesta-terca-feira","status":"publish","type":"post","link":"https:\/\/jeffersonisac.adv.br\/index.php\/2026\/02\/24\/representacao-brasileira-no-parlasul-retoma-analise-do-acordo-entre-uniao-europeia-e-mercosul-nesta-terca-feira\/","title":{"rendered":"Representa\u00e7\u00e3o Brasileira no Parlasul retoma an\u00e1lise do acordo entre Uni\u00e3o Europeia e Mercosul nesta ter\u00e7a-feira"},"content":{"rendered":"<div class=\"image-container\">\n<div class=\"midia-creditos\"><em>Reprodu\u00e7\u00e3o<\/em><\/div>\n<div class=\"media-wrapper\"><\/div>\n<div class=\"midia-legenda\">Bandeiras do Mercosul e da Uni\u00e3o Europeia<\/div>\n<\/div>\n<p>A Representa\u00e7\u00e3o Brasileira no Parlamento do <span class=\"termoGlossario\">Mercosul<\/span> (Parlasul) retoma nesta ter\u00e7a-feira (24) a an\u00e1lise do Acordo Provis\u00f3rio de Com\u00e9rcio entre o Mercosul e a Uni\u00e3o Europeia. O tratado foi enviado pelo Executivo ao Congresso Nacional por meio de uma mensagem (MSC 93\/26).<\/p>\n<p>A reuni\u00e3o est\u00e1 marcada para as 10 horas, no plen\u00e1rio 6 da ala Nilo Coelho, no Senado.<\/p>\n<p><a href=\"https:\/\/legis.senado.leg.br\/atividade\/comissoes\/comissao\/1916\/reuniao\/14407\">Veja a pauta<\/a><\/p>\n<p>O debate sobre o texto come\u00e7ou no dia 10 de fevereiro, quando o deputado Arlindo Chinaglia (PT-SP) leu seu <a href=\"https:\/\/legis.senado.leg.br\/sdleg-getter\/documento\/download\/4e38229b-c0de-48b3-a330-2fb9402733bc\" target=\"_blank\" rel=\"noopener\">relat\u00f3rio sobre o acordo<\/a>. Chinaglia \u00e9 o presidente da representa\u00e7\u00e3o. Logo ap\u00f3s a leitura, a discuss\u00e3o foi suspensa.<\/p>\n<p><a href=\"https:\/\/www.camara.leg.br\/noticias\/1244239-PEDIDO-DE-VISTA-ADIA-VOTACAO-DE-ACORDO-COM-UNIAO-EUROPEIA-NA-REPRESENTACAO-BRASILEIRA-NO-PARLASUL\">Pedido de vista adia vota\u00e7\u00e3o de acordo com Uni\u00e3o Europeia na Representa\u00e7\u00e3o Brasileira no Parlasul<\/a><\/p>\n<p>Se o relat\u00f3rio for aprovado pela representa\u00e7\u00e3o, o acordo seguir\u00e1 para o Plen\u00e1rio da C\u00e2mara dos Deputados e, posteriormente, para o Plen\u00e1rio do Senado.<\/p>\n<p><strong>O tratado<\/strong><br \/>\nAssinado em 17 de janeiro deste ano, no Paraguai, o tratado cria uma \u00e1rea de livre com\u00e9rcio entre os dois blocos.<\/p>\n<p>O texto cont\u00e9m 23 cap\u00edtulos que tratam, entre outros pontos, da redu\u00e7\u00e3o de impostos de importa\u00e7\u00e3o e da cria\u00e7\u00e3o de regras para:<\/p>\n<p>servi\u00e7os;<br \/>\ninvestimentos;<br \/>\ncompras p\u00fablicas;<br \/>\npropriedade intelectual;<br \/>\nsustentabilidade;<br \/>\nsolu\u00e7\u00e3o de conflitos.<\/p>\n<p><strong>Objetivos<\/strong><br \/>\nCom base nas normas da Organiza\u00e7\u00e3o Mundial do Com\u00e9rcio (OMC), o acordo fixa como objetivos:<\/p>\n<p>ampliar e diversificar o com\u00e9rcio de bens e servi\u00e7os;<br \/>\ndar mais seguran\u00e7a jur\u00eddica a empresas e investidores; e<br \/>\nincentivar o desenvolvimento sustent\u00e1vel.<\/p>\n<p>O documento tamb\u00e9m deixa claro que cada pa\u00eds envolvido continua tendo o direito de criar e aplicar suas pr\u00f3prias leis em \u00e1reas como sa\u00fade p\u00fablica, meio ambiente, educa\u00e7\u00e3o, seguran\u00e7a e prote\u00e7\u00e3o social.<\/p>\n<p>Comiss\u00f5es e subcomiss\u00f5es a serem criadas v\u00e3o acompanhar a execu\u00e7\u00e3o do acordo.<\/p>\n<p><a href=\"https:\/\/www.camara.leg.br\/noticias\/1245787-O-QUE-PREVE-O-ACORDO-DO-MERCOSUL-COM-A-UNIAO-EUROPEIA-EM-ANALISE-NO-CONGRESSO\">O que prev\u00ea o acordo do Mercosul com a Uni\u00e3o Europeia em an\u00e1lise no Congresso<\/a><\/p>\n<p>\u00a0<\/p>\n<div><\/div>\n<p>\u00a0<\/p>","protected":false},"excerpt":{"rendered":"<p>Reprodu\u00e7\u00e3o Bandeiras do Mercosul e da Uni\u00e3o Europeia A Representa\u00e7\u00e3o Brasileira no Parlamento do Mercosul (Parlasul) retoma nesta ter\u00e7a-feira (24) a an\u00e1lise do Acordo Provis\u00f3rio de Com\u00e9rcio entre o Mercosul e a Uni\u00e3o Europeia. O tratado foi enviado pelo Executivo ao Congresso Nacional por meio de uma mensagem (MSC 93\/26). A reuni\u00e3o est\u00e1 marcada para [&hellip;]<\/p>\n","protected":false},"author":0,"featured_media":0,"comment_status":"open","ping_status":"open","sticky":false,"template":"","format":"standard","meta":{"footnotes":""},"categories":[1],"tags":[],"_links":{"self":[{"href":"https:\/\/jeffersonisac.adv.br\/index.php\/wp-json\/wp\/v2\/posts\/15499"}],"collection":[{"href":"https:\/\/jeffersonisac.adv.br\/index.php\/wp-json\/wp\/v2\/posts"}],"about":[{"href":"https:\/\/jeffersonisac.adv.br\/index.php\/wp-json\/wp\/v2\/types\/post"}],"replies":[{"embeddable":true,"href":"https:\/\/jeffersonisac.adv.br\/index.php\/wp-json\/wp\/v2\/comments?post=15499"}],"version-history":[{"count":0,"href":"https:\/\/jeffersonisac.adv.br\/index.php\/wp-json\/wp\/v2\/posts\/15499\/revisions"}],"wp:attachment":[{"href":"https:\/\/jeffersonisac.adv.br\/index.php\/wp-json\/wp\/v2\/media?parent=15499"}],"wp:term":[{"taxonomy":"category","embeddable":true,"href":"https:\/\/jeffersonisac.adv.br\/index.php\/wp-json\/wp\/v2\/categories?post=15499"},{"taxonomy":"post_tag","embeddable":true,"href":"https:\/\/jeffersonisac.adv.br\/index.php\/wp-json\/wp\/v2\/tags?post=15499"}],"curies":[{"name":"wp","href":"https:\/\/api.w.org\/{rel}","templated":true}]}}