{"id":15502,"date":"2026-02-24T11:34:45","date_gmt":"2026-02-24T14:34:45","guid":{"rendered":"https:\/\/jeffersonisac.adv.br\/index.php\/2026\/02\/24\/projeto-preve-cameras-e-treinamento-para-combater-violencia-de-genero-no-transporte-publico\/"},"modified":"2026-02-24T11:34:45","modified_gmt":"2026-02-24T14:34:45","slug":"projeto-preve-cameras-e-treinamento-para-combater-violencia-de-genero-no-transporte-publico","status":"publish","type":"post","link":"https:\/\/jeffersonisac.adv.br\/index.php\/2026\/02\/24\/projeto-preve-cameras-e-treinamento-para-combater-violencia-de-genero-no-transporte-publico\/","title":{"rendered":"Projeto prev\u00ea c\u00e2meras e treinamento para combater viol\u00eancia de g\u00eanero no transporte p\u00fablico"},"content":{"rendered":"<div class=\"image-container\">\n<div class=\"midia-creditos\"><em>Vinicius Loures\/C\u00e2mara dos Deputados<\/em><\/div>\n<div class=\"media-wrapper\"><\/div>\n<div class=\"midia-legenda\">Para Amom Mandel, medidas de seguran\u00e7a devem ser parte obrigat\u00f3ria do servi\u00e7o<\/div>\n<\/div>\n<p>O Projeto de Lei 6659\/25 obriga empresas que atuam no transporte p\u00fablico coletivo a manter programa de preven\u00e7\u00e3o e combate ao ass\u00e9dio e \u00e0 viol\u00eancia contra a mulher. O programa pretende melhorar a seguran\u00e7a de mulheres e de pessoas vulner\u00e1veis em \u00f4nibus, trens, metr\u00f4s e embarca\u00e7\u00f5es<span>.<\/span><\/p>\n<p>A C\u00e2mara dos Deputados analisa a proposta.<\/p>\n<p><span>Pelo texto, empresas com concess\u00e3o ou permiss\u00e3o para atuar no transporte coletivo devem instalar c\u00e2meras de vigil\u00e2ncia em ve\u00edculos e terminais, com grava\u00e7\u00f5es acess\u00edveis \u00e0s autoridades<\/span><span>. Al\u00e9m disso, o projeto estabelece:<\/span><\/p>\n<p><span>treinamento obrigat\u00f3rio e peri\u00f3dico para que os funcion\u00e1rios saibam como agir em casos de ass\u00e9dio<\/span><span>;<\/span><br \/>\n<span>cria\u00e7\u00e3o de canais diretos para den\u00fancias e acolhimento das v\u00edtimas<\/span><span>;<\/span> e a<br \/>\n<span>divulga\u00e7\u00e3o de materiais educativos e informativos sobre o combate \u00e0 viol\u00eancia de g\u00eanero.<\/span><\/p>\n<p>As medidas s\u00e3o inclu\u00eddas na <a href=\"https:\/\/www2.camara.leg.br\/legin\/fed\/lei\/1995\/lei-8987-13-fevereiro-1995-349810-norma-pl.html\">Lei das Concess\u00f5es de Servi\u00e7os P\u00fablicos<\/a>\u00a0e passam a fazer parte das cl\u00e1usulas essenciais do contrato de concess\u00e3o do servi\u00e7o.<\/p>\n<p><span><strong>Ambiente protegido<\/strong><br \/>\nO autor, deputado Amom Mandel (Cidadania-AM), afirma que a iniciativa busca transformar o transporte p\u00fablico em um ambiente de acolhimento e prote\u00e7\u00e3o, combatendo a cultura de medo que muitas vezes afasta as mulheres desses espa\u00e7os<\/span><span>.<\/span><\/p>\n<p>\u201cA falta de regras legais claras deixa a prote\u00e7\u00e3o das mulheres nas m\u00e3os da decis\u00e3o dos gestores ou da verba das concession\u00e1rias. Isso faz com que medidas de seguran\u00e7a sejam vistas como extras, e n\u00e3o como parte obrigat\u00f3ria do servi\u00e7o&#8221;, disse.<\/p>\n<p><strong>Pr\u00f3ximas etapas<br \/>\n<\/strong>A proposta ser\u00e1 analisada, em <span class=\"termoGlossario\">car\u00e1ter conclusivo<\/span>, pelas comiss\u00f5es de Defesa dos Direitos da Mulher; de Via\u00e7\u00e3o e Transportes; de Finan\u00e7as e Tributa\u00e7\u00e3o; e de Constitui\u00e7\u00e3o e Justi\u00e7a e de Cidadania.<\/p>\n<p>\u00a0Para virar lei, o texto deve ser aprovado pela C\u00e2mara e pelo Senado.<\/p>\n<p><a href=\"https:\/\/www.camara.leg.br\/noticias\/573454-SAIBA-MAIS-SOBRE-A-TRAMITACAO-DE-PROJETOS-DE-LEI\">Saiba mais sobre a tramita\u00e7\u00e3o de projetos de lei<\/a><\/p>","protected":false},"excerpt":{"rendered":"<p>Vinicius Loures\/C\u00e2mara dos Deputados Para Amom Mandel, medidas de seguran\u00e7a devem ser parte obrigat\u00f3ria do servi\u00e7o O Projeto de Lei 6659\/25 obriga empresas que atuam no transporte p\u00fablico coletivo a manter programa de preven\u00e7\u00e3o e combate ao ass\u00e9dio e \u00e0 viol\u00eancia contra a mulher. O programa pretende melhorar a seguran\u00e7a de mulheres e de pessoas [&hellip;]<\/p>\n","protected":false},"author":0,"featured_media":0,"comment_status":"open","ping_status":"open","sticky":false,"template":"","format":"standard","meta":{"footnotes":""},"categories":[1],"tags":[],"_links":{"self":[{"href":"https:\/\/jeffersonisac.adv.br\/index.php\/wp-json\/wp\/v2\/posts\/15502"}],"collection":[{"href":"https:\/\/jeffersonisac.adv.br\/index.php\/wp-json\/wp\/v2\/posts"}],"about":[{"href":"https:\/\/jeffersonisac.adv.br\/index.php\/wp-json\/wp\/v2\/types\/post"}],"replies":[{"embeddable":true,"href":"https:\/\/jeffersonisac.adv.br\/index.php\/wp-json\/wp\/v2\/comments?post=15502"}],"version-history":[{"count":0,"href":"https:\/\/jeffersonisac.adv.br\/index.php\/wp-json\/wp\/v2\/posts\/15502\/revisions"}],"wp:attachment":[{"href":"https:\/\/jeffersonisac.adv.br\/index.php\/wp-json\/wp\/v2\/media?parent=15502"}],"wp:term":[{"taxonomy":"category","embeddable":true,"href":"https:\/\/jeffersonisac.adv.br\/index.php\/wp-json\/wp\/v2\/categories?post=15502"},{"taxonomy":"post_tag","embeddable":true,"href":"https:\/\/jeffersonisac.adv.br\/index.php\/wp-json\/wp\/v2\/tags?post=15502"}],"curies":[{"name":"wp","href":"https:\/\/api.w.org\/{rel}","templated":true}]}}