{"id":15503,"date":"2026-02-24T12:30:05","date_gmt":"2026-02-24T15:30:05","guid":{"rendered":"https:\/\/jeffersonisac.adv.br\/index.php\/2026\/02\/24\/projeto-obriga-condominios-a-divulgarem-dados-sobre-reuso-de-agua\/"},"modified":"2026-02-24T12:30:05","modified_gmt":"2026-02-24T15:30:05","slug":"projeto-obriga-condominios-a-divulgarem-dados-sobre-reuso-de-agua","status":"publish","type":"post","link":"https:\/\/jeffersonisac.adv.br\/index.php\/2026\/02\/24\/projeto-obriga-condominios-a-divulgarem-dados-sobre-reuso-de-agua\/","title":{"rendered":"Projeto obriga condom\u00ednios a divulgarem dados sobre re\u00faso de \u00e1gua"},"content":{"rendered":"<div class=\"image-container\">\n<div class=\"midia-creditos\"><em>Kayo Magalh\u00e3es\/C\u00e2mara dos Deputados<\/em><\/div>\n<div class=\"media-wrapper\"><\/div>\n<div class=\"midia-legenda\">Amom Mandel: visibilidade \u00e9 importante para compreens\u00e3o do impacto ambiental positivo<\/div>\n<\/div>\n<p>O Projeto de Lei 6715\/25 obriga condom\u00ednios residenciais, comerciais ou mistos que utilizem sistemas de re\u00faso de \u00e1gua a divulgar periodicamente informa\u00e7\u00f5es sobre a opera\u00e7\u00e3o desses sistemas<span>. <\/span><span>A C\u00e2mara dos Deputados analisa a proposta, que altera a <a href=\"https:\/\/www2.camara.leg.br\/legin\/fed\/lei\/2007\/lei-11445-5-janeiro-2007-549031-norma-pl.html\">Lei de Saneamento B\u00e1sico<\/a>.<\/span><\/p>\n<p><span>Pelo texto, os condom\u00ednios <\/span>dever\u00e3o informar, no m\u00ednimo<span>:<\/span><\/p>\n<p>para que a \u00e1gua reutilizada \u00e9 usada (como irriga\u00e7\u00e3o, descarga de banheiro ou limpeza);<br \/>\no volume de \u00e1gua reutilizado por m\u00eas, em metros c\u00fabicos (m\u00b3);<br \/>\na data da \u00faltima atualiza\u00e7\u00e3o das informa\u00e7\u00f5es; e<br \/>\nproblemas que prejudiquem a qualidade da \u00e1gua ou o funcionamento do sistema.<\/p>\n<p>A divulga\u00e7\u00e3o deve ser feita mensalmente em locais de circula\u00e7\u00e3o comum ou em plataformas digitais do condom\u00ednio<span>. <\/span><span>O texto deixa claro que a medida n\u00e3o exige laudos t\u00e9cnicos complexos nem gera custos para o poder p\u00fablico, devendo ser cumprida com os recursos que a administra\u00e7\u00e3o condominial j\u00e1 possui<\/span><span>.<\/span><\/p>\n<p>O autor, deputado Amom Mandel (Cidadania-AM), argumenta a pr\u00e1tica de reutilizar a \u00e1gua vem aumentando nas cidades brasileiras, mas avalia que falta visibilidade para que os moradores compreendam o impacto ambiental positivo e a efici\u00eancia desses sistemas<span>.<\/span><\/p>\n<p><span>&#8220;A transpar\u00eancia permite que moradores compreendam o real desempenho dos sistemas, tornando a gest\u00e3o mais confi\u00e1vel e participativa&#8221;, justifica Amom Mandel<\/span><span>.<\/span><\/p>\n<p><strong>Pr\u00f3ximas etapas<\/strong><br \/>\nA proposta ser\u00e1 analisada, em <span class=\"termoGlossario\">car\u00e1ter conclusivo<\/span>, pelas comiss\u00f5es de Desenvolvimento Urbano; e de Constitui\u00e7\u00e3o e Justi\u00e7a e de Cidadania.<\/p>\n<p>Para virar lei, o texto deve ser aprovado pela C\u00e2mara e pelo Senado.<\/p>\n<p><a href=\"https:\/\/www.camara.leg.br\/noticias\/573454-SAIBA-MAIS-SOBRE-A-TRAMITACAO-DE-PROJETOS-DE-LEI\">Saiba mais sobre a tramita\u00e7\u00e3o de projetos de Lei<\/a><\/p>","protected":false},"excerpt":{"rendered":"<p>Kayo Magalh\u00e3es\/C\u00e2mara dos Deputados Amom Mandel: visibilidade \u00e9 importante para compreens\u00e3o do impacto ambiental positivo O Projeto de Lei 6715\/25 obriga condom\u00ednios residenciais, comerciais ou mistos que utilizem sistemas de re\u00faso de \u00e1gua a divulgar periodicamente informa\u00e7\u00f5es sobre a opera\u00e7\u00e3o desses sistemas. A C\u00e2mara dos Deputados analisa a proposta, que altera a Lei de Saneamento [&hellip;]<\/p>\n","protected":false},"author":0,"featured_media":0,"comment_status":"open","ping_status":"open","sticky":false,"template":"","format":"standard","meta":{"footnotes":""},"categories":[1],"tags":[],"_links":{"self":[{"href":"https:\/\/jeffersonisac.adv.br\/index.php\/wp-json\/wp\/v2\/posts\/15503"}],"collection":[{"href":"https:\/\/jeffersonisac.adv.br\/index.php\/wp-json\/wp\/v2\/posts"}],"about":[{"href":"https:\/\/jeffersonisac.adv.br\/index.php\/wp-json\/wp\/v2\/types\/post"}],"replies":[{"embeddable":true,"href":"https:\/\/jeffersonisac.adv.br\/index.php\/wp-json\/wp\/v2\/comments?post=15503"}],"version-history":[{"count":0,"href":"https:\/\/jeffersonisac.adv.br\/index.php\/wp-json\/wp\/v2\/posts\/15503\/revisions"}],"wp:attachment":[{"href":"https:\/\/jeffersonisac.adv.br\/index.php\/wp-json\/wp\/v2\/media?parent=15503"}],"wp:term":[{"taxonomy":"category","embeddable":true,"href":"https:\/\/jeffersonisac.adv.br\/index.php\/wp-json\/wp\/v2\/categories?post=15503"},{"taxonomy":"post_tag","embeddable":true,"href":"https:\/\/jeffersonisac.adv.br\/index.php\/wp-json\/wp\/v2\/tags?post=15503"}],"curies":[{"name":"wp","href":"https:\/\/api.w.org\/{rel}","templated":true}]}}