{"id":15507,"date":"2026-02-24T16:37:36","date_gmt":"2026-02-24T19:37:36","guid":{"rendered":"https:\/\/jeffersonisac.adv.br\/index.php\/2026\/02\/24\/comissao-de-seguranca-cria-agenda-de-dialogo-semanal-com-ministerio-da-justica\/"},"modified":"2026-02-24T16:37:36","modified_gmt":"2026-02-24T19:37:36","slug":"comissao-de-seguranca-cria-agenda-de-dialogo-semanal-com-ministerio-da-justica","status":"publish","type":"post","link":"https:\/\/jeffersonisac.adv.br\/index.php\/2026\/02\/24\/comissao-de-seguranca-cria-agenda-de-dialogo-semanal-com-ministerio-da-justica\/","title":{"rendered":"Comiss\u00e3o de Seguran\u00e7a cria agenda de di\u00e1logo semanal com Minist\u00e9rio da Justi\u00e7a"},"content":{"rendered":"<div class=\"image-container\">\n<div class=\"midia-creditos\"><em>Vinicius Loures \/ C\u00e2mara dos Deputados<\/em><\/div>\n<div class=\"media-wrapper\"><\/div>\n<div class=\"midia-legenda\">Reuni\u00e3o do ministro da Justi\u00e7a com membros da Comiss\u00e3o de Seguran\u00e7a<\/div>\n<\/div>\n<p>A Comiss\u00e3o de Seguran\u00e7a P\u00fablica da C\u00e2mara dos Deputados criou uma agenda de di\u00e1logo permanente com o Minist\u00e9rio da Justi\u00e7a e Seguran\u00e7a P\u00fablica. O ministro Wellington C\u00e9sar Lima e Silva esteve pela primeira vez na comiss\u00e3o, nesta ter\u00e7a-feira (24), acompanhado do secret\u00e1rio de Seguran\u00e7a P\u00fablica, Francisco Lucas Costa Velos, e do secret\u00e1rio de Pol\u00edticas Penais, Andr\u00e9 de Albuquerque Garcia.<\/p>\n<p>Ao fim da reuni\u00e3o, o ministro n\u00e3o quis dar entrevistas. O presidente da Comiss\u00e3o de Seguran\u00e7a P\u00fablica e Combate ao Crime Organizado, deputado Coronel Meira (PL-PE), falou sobre a parceria in\u00e9dita.<\/p>\n<p>\u201cPara ter resultados, a gente entende que tem que ter apoio. A C\u00e2mara sozinha n\u00e3o tem poder. Ent\u00e3o temos que ter apoio do governo federal, dos governos estaduais e dos governos municipais. Ent\u00e3o a gente inicia com o ministro da Justi\u00e7a, que, diga-se de passagem, \u00e9 t\u00e9cnico, gra\u00e7as a Deus\u201d, observou Meira.<\/p>\n<p>O encontro teve a presen\u00e7a da maioria dos deputados da comiss\u00e3o. &#8220;Alinhamos uma pauta e vamos entregar o mais r\u00e1pido poss\u00edvel o que se pode entregar hoje\u201d, completou Meira.<\/p>\n<p><strong>Piso salarial e PEC da Seguran\u00e7a<\/strong><br \/>\nEntre as propostas priorit\u00e1rias para a Comiss\u00e3o de Seguran\u00e7a, segundo Meira, est\u00e1 a cria\u00e7\u00e3o de um piso salarial para todas as pol\u00edcias do Brasil. A proposta de emenda \u00e0 Constitui\u00e7\u00e3o que cria um piso salarial para policiais civis e militares e bombeiros militares (PEC 17\/25) aguarda despacho do presidente da C\u00e2mara, deputado Hugo Motta (Republicanos-PB), para ter a an\u00e1lise iniciada.<\/p>\n<p>Outras pautas acompanhadas de perto pela Comiss\u00e3o de Seguran\u00e7a P\u00fablica s\u00e3o a chamada PEC da Seguran\u00e7a P\u00fablica (<a class=\"linkProposicao\" href=\"https:\/\/www.camara.leg.br\/noticias\/1153668-proposta-do-governo-muda-estrutura-da-seguranca-publica-em-busca-de-maior-integracao-na-area\">PEC 18\/25<\/a>) e o projeto de lei antifac\u00e7\u00e3o (<a class=\"linkProposicao\" href=\"https:\/\/www.camara.leg.br\/noticias\/1218568-projeto-endurece-penas-promove-investigacao-e-combate-poder-economico-de-faccoes-criminosas\">PL 5582\/25<\/a>).<\/p>\n<p>A PEC da Seguran\u00e7a P\u00fablica aguarda vota\u00e7\u00e3o na <span class=\"termoGlossario\">comiss\u00e3o especial<\/span>, para ent\u00e3o ir ao Plen\u00e1rio. Quanto ao projeto antifac\u00e7\u00e3o, depois de aprovado pela C\u00e2mara e sofrido modifica\u00e7\u00f5es pelo Senado, retornou para nova an\u00e1lise pelo Plen\u00e1rio da C\u00e2mara.<\/p>\n<p>Segundo o deputado Coronel Meira, toda semana o colegiado vai se reunir com representantes enviados pelo Minist\u00e9rio da Justi\u00e7a sobre a pauta de vota\u00e7\u00f5es.<\/p>","protected":false},"excerpt":{"rendered":"<p>Vinicius Loures \/ C\u00e2mara dos Deputados Reuni\u00e3o do ministro da Justi\u00e7a com membros da Comiss\u00e3o de Seguran\u00e7a A Comiss\u00e3o de Seguran\u00e7a P\u00fablica da C\u00e2mara dos Deputados criou uma agenda de di\u00e1logo permanente com o Minist\u00e9rio da Justi\u00e7a e Seguran\u00e7a P\u00fablica. O ministro Wellington C\u00e9sar Lima e Silva esteve pela primeira vez na comiss\u00e3o, nesta ter\u00e7a-feira [&hellip;]<\/p>\n","protected":false},"author":0,"featured_media":0,"comment_status":"open","ping_status":"open","sticky":false,"template":"","format":"standard","meta":{"footnotes":""},"categories":[1],"tags":[],"_links":{"self":[{"href":"https:\/\/jeffersonisac.adv.br\/index.php\/wp-json\/wp\/v2\/posts\/15507"}],"collection":[{"href":"https:\/\/jeffersonisac.adv.br\/index.php\/wp-json\/wp\/v2\/posts"}],"about":[{"href":"https:\/\/jeffersonisac.adv.br\/index.php\/wp-json\/wp\/v2\/types\/post"}],"replies":[{"embeddable":true,"href":"https:\/\/jeffersonisac.adv.br\/index.php\/wp-json\/wp\/v2\/comments?post=15507"}],"version-history":[{"count":0,"href":"https:\/\/jeffersonisac.adv.br\/index.php\/wp-json\/wp\/v2\/posts\/15507\/revisions"}],"wp:attachment":[{"href":"https:\/\/jeffersonisac.adv.br\/index.php\/wp-json\/wp\/v2\/media?parent=15507"}],"wp:term":[{"taxonomy":"category","embeddable":true,"href":"https:\/\/jeffersonisac.adv.br\/index.php\/wp-json\/wp\/v2\/categories?post=15507"},{"taxonomy":"post_tag","embeddable":true,"href":"https:\/\/jeffersonisac.adv.br\/index.php\/wp-json\/wp\/v2\/tags?post=15507"}],"curies":[{"name":"wp","href":"https:\/\/api.w.org\/{rel}","templated":true}]}}