{"id":15508,"date":"2026-02-24T18:28:19","date_gmt":"2026-02-24T21:28:19","guid":{"rendered":"https:\/\/jeffersonisac.adv.br\/index.php\/2026\/02\/24\/cancelada-reuniao-para-receber-sugestoes-sobre-regulamentacao-do-trabalho-por-aplicativo\/"},"modified":"2026-02-24T18:28:19","modified_gmt":"2026-02-24T21:28:19","slug":"cancelada-reuniao-para-receber-sugestoes-sobre-regulamentacao-do-trabalho-por-aplicativo","status":"publish","type":"post","link":"https:\/\/jeffersonisac.adv.br\/index.php\/2026\/02\/24\/cancelada-reuniao-para-receber-sugestoes-sobre-regulamentacao-do-trabalho-por-aplicativo\/","title":{"rendered":"Cancelada reuni\u00e3o para receber sugest\u00f5es sobre regulamenta\u00e7\u00e3o do trabalho por aplicativo"},"content":{"rendered":"<div class=\"image-container\">\n<div class=\"midia-creditos\"><em>Renato Ara\u00fajo \/ C\u00e2mara dos Deputados<\/em><\/div>\n<div class=\"media-wrapper\"><\/div>\n<div class=\"midia-legenda\">Joaquim Passarinho: &#8220;N\u00e3o haver\u00e1 surpresa no relat\u00f3rio&#8221;<\/div>\n<\/div>\n<p>O deputado Joaquim Passarinho (PL-PA), presidente da <span class=\"termoGlossario\">comiss\u00e3o especial<\/span> da C\u00e2mara dos Deputados que analisa a regulamenta\u00e7\u00e3o dos servi\u00e7os de transporte e entrega por aplicativo, cancelou h\u00e1 pouco a reuni\u00e3o do colegiado desta ter\u00e7a-feira (24).<\/p>\n<p>\u201cO que a gente esperava hoje era receber contribui\u00e7\u00f5es para que o deputado [Augusto] Coutinho, como relator, pudesse melhorar o texto. Hoje n\u00e3o haveria vota\u00e7\u00e3o nem decis\u00e3o; ir\u00edamos apenas ouvir os deputados, conforme o acordo firmado em dezembro\u201d, ressaltou Passarinho.<\/p>\n<p>Ao lamentar a falta de contribui\u00e7\u00f5es dos deputados, ele informou que o relator da mat\u00e9ria \u2014 <a class=\"linkProposicao\" href=\"https:\/\/www.camara.leg.br\/noticias\/1181948-projeto-cria-novo-marco-legal-do-transporte-individual-por-aplicativo-no-pais\">Projeto de Lei Complementar (PLP) 152\/25<\/a> \u2014, deputado Augusto Coutinho (Republicanos-PE), dever\u00e1 apresentar em breve uma nova vers\u00e3o do parecer, sem \u201csurpresas\u201d.<\/p>\n<p>\u201cTivemos duas horas de espera, ent\u00e3o n\u00e3o haver\u00e1 reuni\u00e3o. Vamos aguardar um novo relat\u00f3rio; n\u00e3o haver\u00e1 surpresa, n\u00e3o haver\u00e1 \u2018tratoramento\u2019. Ningu\u00e9m vai empurrar nada na marra\u201d, destacou.<\/p>\n<p>A data para apresenta\u00e7\u00e3o e vota\u00e7\u00e3o do novo relat\u00f3rio ainda n\u00e3o foi anunciada.<\/p>\n<p><strong>Aut\u00f4nomos<\/strong><br \/>\nNa primeira vers\u00e3o do relat\u00f3rio, apresentada em dezembro, Coutinho manteve motoristas e entregadores de aplicativos como aut\u00f4nomos, sem v\u00ednculo empregat\u00edcio e sem obriga\u00e7\u00e3o de aceitar servi\u00e7os ou cumprir jornadas fixas nas plataformas.<\/p>\n<p>O texto tamb\u00e9m cria um regime jur\u00eddico pr\u00f3prio, com direitos m\u00ednimos para os trabalhadores: prote\u00e7\u00e3o previdenci\u00e1ria, transpar\u00eancia algor\u00edtmica, acesso pr\u00e9vio a informa\u00e7\u00f5es sobre cada servi\u00e7o e revis\u00e3o humana em casos de bloqueio ou puni\u00e7\u00e3o.<\/p>\n<p>\u00a0<\/p>\n<div><\/div>\n<p>\u00a0<\/p>","protected":false},"excerpt":{"rendered":"<p>Renato Ara\u00fajo \/ C\u00e2mara dos Deputados Joaquim Passarinho: &#8220;N\u00e3o haver\u00e1 surpresa no relat\u00f3rio&#8221; O deputado Joaquim Passarinho (PL-PA), presidente da comiss\u00e3o especial da C\u00e2mara dos Deputados que analisa a regulamenta\u00e7\u00e3o dos servi\u00e7os de transporte e entrega por aplicativo, cancelou h\u00e1 pouco a reuni\u00e3o do colegiado desta ter\u00e7a-feira (24). \u201cO que a gente esperava hoje era [&hellip;]<\/p>\n","protected":false},"author":0,"featured_media":0,"comment_status":"open","ping_status":"open","sticky":false,"template":"","format":"standard","meta":{"footnotes":""},"categories":[1],"tags":[],"_links":{"self":[{"href":"https:\/\/jeffersonisac.adv.br\/index.php\/wp-json\/wp\/v2\/posts\/15508"}],"collection":[{"href":"https:\/\/jeffersonisac.adv.br\/index.php\/wp-json\/wp\/v2\/posts"}],"about":[{"href":"https:\/\/jeffersonisac.adv.br\/index.php\/wp-json\/wp\/v2\/types\/post"}],"replies":[{"embeddable":true,"href":"https:\/\/jeffersonisac.adv.br\/index.php\/wp-json\/wp\/v2\/comments?post=15508"}],"version-history":[{"count":0,"href":"https:\/\/jeffersonisac.adv.br\/index.php\/wp-json\/wp\/v2\/posts\/15508\/revisions"}],"wp:attachment":[{"href":"https:\/\/jeffersonisac.adv.br\/index.php\/wp-json\/wp\/v2\/media?parent=15508"}],"wp:term":[{"taxonomy":"category","embeddable":true,"href":"https:\/\/jeffersonisac.adv.br\/index.php\/wp-json\/wp\/v2\/categories?post=15508"},{"taxonomy":"post_tag","embeddable":true,"href":"https:\/\/jeffersonisac.adv.br\/index.php\/wp-json\/wp\/v2\/tags?post=15508"}],"curies":[{"name":"wp","href":"https:\/\/api.w.org\/{rel}","templated":true}]}}