{"id":15509,"date":"2026-02-24T18:28:19","date_gmt":"2026-02-24T21:28:19","guid":{"rendered":"https:\/\/jeffersonisac.adv.br\/index.php\/2026\/02\/24\/espera-por-avaliacao-neuropsicologica-no-sus-pode-chegar-a-quatro-anos-aponta-audiencia-na-camara\/"},"modified":"2026-02-24T18:28:19","modified_gmt":"2026-02-24T21:28:19","slug":"espera-por-avaliacao-neuropsicologica-no-sus-pode-chegar-a-quatro-anos-aponta-audiencia-na-camara","status":"publish","type":"post","link":"https:\/\/jeffersonisac.adv.br\/index.php\/2026\/02\/24\/espera-por-avaliacao-neuropsicologica-no-sus-pode-chegar-a-quatro-anos-aponta-audiencia-na-camara\/","title":{"rendered":"Espera por avalia\u00e7\u00e3o neuropsicol\u00f3gica no SUS pode chegar a quatro anos, aponta audi\u00eancia na C\u00e2mara"},"content":{"rendered":"<div class=\"image-container\">\n<div class=\"midia-creditos\"><em>Renato Ara\u00fajo \/ C\u00e2mara dos Deputados<\/em><\/div>\n<div class=\"media-wrapper\"><\/div>\n<div class=\"midia-legenda\">Comiss\u00e3o da C\u00e2mara que discute proposta de Pol\u00edtica Nacional Para Pessoas Com Autismo<\/div>\n<\/div>\n<p>A C\u00e2mara dos Deputados realizou, nesta ter\u00e7a-feira (24), audi\u00eancia p\u00fablica para debater o diagn\u00f3stico tardio de pessoas com transtorno do espectro autista (TEA) e a falta de pol\u00edticas espec\u00edficas para adultos. Participantes do debate afirmaram que a espera por avalia\u00e7\u00e3o neuropsicol\u00f3gica no Sistema \u00danico de Sa\u00fade (SUS) pode chegar a quatro anos.<\/p>\n<p>O assunto foi debatido na Comiss\u00e3o Especial sobre a Pol\u00edtica Nacional para Pessoas com Transtorno do Espectro Autista, que analisa o <a class=\"linkProposicao\" href=\"https:\/\/www.camara.leg.br\/noticias\/1247110-projeto-cria-politica-nacional-dos-direitos-da-pessoa-com-autismo\">Projeto de Lei 3080\/20<\/a>.<\/p>\n<p><strong>Falta de dados<br \/>\n<\/strong>A deputada Maria Rosas (Republicanos-SP), que presidiu a reuni\u00e3o, defendeu a produ\u00e7\u00e3o de dados estat\u00edsticos para orientar pol\u00edticas p\u00fablicas.<\/p>\n<p>\u201cSem dados, n\u00e3o conseguimos saber quantas pessoas precisam de atendimento. Precisamos enfrentar as brechas que hoje n\u00e3o recebem aten\u00e7\u00e3o\u201d, afirmou.<\/p>\n<p>O coordenador-geral de Sa\u00fade da Pessoa com Defici\u00eancia do Minist\u00e9rio da Sa\u00fade, Artur Almeida Medeiros, informou que a pasta lan\u00e7ou, em setembro, uma Linha de Cuidado para pessoas com TEA. O documento organiza o atendimento no SUS e estabelece a Aten\u00e7\u00e3o Prim\u00e1ria como porta de entrada.<\/p>\n<p>Segundo Medeiros, sinais de autismo em adultos podem ser confundidos ou n\u00e3o identificados, o que exige profissionais capacitados. Ele disse que o minist\u00e9rio ainda n\u00e3o tem dados espec\u00edficos sobre diagn\u00f3stico tardio e que trabalha para incluir a identifica\u00e7\u00e3o de pessoa com defici\u00eancia e de TEA nos sistemas de informa\u00e7\u00e3o do SUS.<\/p>\n<p><strong>Mercado de trabalho e ensino superior<br \/>\n<\/strong>O presidente da Associa\u00e7\u00e3o Nacional para Inclus\u00e3o de Pessoas Autistas, Guilherme de Almeida, afirmou que h\u00e1 poucos dados sobre a situa\u00e7\u00e3o de adultos com autismo, especialmente acima dos 45 anos.<\/p>\n<p>Ele apresentou estimativas:<\/p>\n<p>Emprego: segundo estimativas da Organiza\u00e7\u00e3o das Na\u00e7\u00f5es Unidas (ONU), cerca de 20% das pessoas com autismo est\u00e3o no mercado formal de trabalho.<br \/>\nEnsino superior: apenas 0,8% da popula\u00e7\u00e3o autista brasileira conclui a gradua\u00e7\u00e3o.<br \/>\nSUS: a espera por avalia\u00e7\u00e3o neuropsicol\u00f3gica pode chegar a quatro anos.<\/p>\n<p>Diagnosticado aos 36 anos, Almeida defendeu a cria\u00e7\u00e3o de protocolo espec\u00edfico para rastreamento de autismo em adultos e a implementa\u00e7\u00e3o de um programa nacional de emprego apoiado.<\/p>\n<p>\u201cO diagn\u00f3stico tardio \u00e9 libertador. Agora sei que n\u00e3o sou louco, depressivo ou burro\u201d, relatou, ao citar o depoimento de uma mulher com autismo.<\/p>\n<p><strong>Atendimento ap\u00f3s os 18 anos<br \/>\n<\/strong>A vice-presidente do movimento Orgulho Autista Brasil, Viviane Pereira Guimar\u00e3es, criticou a interrup\u00e7\u00e3o do atendimento ap\u00f3s os 18 anos.<\/p>\n<p>\u201cNossas terapias v\u00e3o at\u00e9 os 18 anos. Depois disso, a pessoa deixa de ser acompanhada pela rede e perde apoio social\u201d, afirmou.<\/p>\n<p>Ela tamb\u00e9m relatou casos de servidores p\u00fablicos que tiveram o diagn\u00f3stico de TEA questionado em per\u00edcias m\u00e9dicas ao solicitarem adapta\u00e7\u00e3o da jornada de trabalho, como o regime de trabalho remoto.<\/p>\n<p>Segundo Viviane, profissionais sem forma\u00e7\u00e3o espec\u00edfica em sa\u00fade mental t\u00eam desconsiderado laudos especializados.<\/p>\n<p><strong>Pr\u00f3ximos passos<\/strong><br \/>\nAo final da audi\u00eancia, o colegiado aprovou requerimentos para realizar semin\u00e1rios regionais em munic\u00edpios de S\u00e3o Paulo, Mato Grosso do Sul e Rio Grande do Norte. O objetivo \u00e9 ampliar o debate sobre o <a class=\"linkProposicao\" href=\"https:\/\/www.camara.leg.br\/noticias\/1247110-projeto-cria-politica-nacional-dos-direitos-da-pessoa-com-autismo\">Projeto de Lei 3080\/20<\/a>, que institui a Pol\u00edtica Nacional para Pessoas com Autismo.<\/p>\n<p>\u00a0<\/p>\n<div><\/div>\n<p>\u00a0<\/p>","protected":false},"excerpt":{"rendered":"<p>Renato Ara\u00fajo \/ C\u00e2mara dos Deputados Comiss\u00e3o da C\u00e2mara que discute proposta de Pol\u00edtica Nacional Para Pessoas Com Autismo A C\u00e2mara dos Deputados realizou, nesta ter\u00e7a-feira (24), audi\u00eancia p\u00fablica para debater o diagn\u00f3stico tardio de pessoas com transtorno do espectro autista (TEA) e a falta de pol\u00edticas espec\u00edficas para adultos. Participantes do debate afirmaram que [&hellip;]<\/p>\n","protected":false},"author":0,"featured_media":0,"comment_status":"open","ping_status":"open","sticky":false,"template":"","format":"standard","meta":{"footnotes":""},"categories":[1],"tags":[],"_links":{"self":[{"href":"https:\/\/jeffersonisac.adv.br\/index.php\/wp-json\/wp\/v2\/posts\/15509"}],"collection":[{"href":"https:\/\/jeffersonisac.adv.br\/index.php\/wp-json\/wp\/v2\/posts"}],"about":[{"href":"https:\/\/jeffersonisac.adv.br\/index.php\/wp-json\/wp\/v2\/types\/post"}],"replies":[{"embeddable":true,"href":"https:\/\/jeffersonisac.adv.br\/index.php\/wp-json\/wp\/v2\/comments?post=15509"}],"version-history":[{"count":0,"href":"https:\/\/jeffersonisac.adv.br\/index.php\/wp-json\/wp\/v2\/posts\/15509\/revisions"}],"wp:attachment":[{"href":"https:\/\/jeffersonisac.adv.br\/index.php\/wp-json\/wp\/v2\/media?parent=15509"}],"wp:term":[{"taxonomy":"category","embeddable":true,"href":"https:\/\/jeffersonisac.adv.br\/index.php\/wp-json\/wp\/v2\/categories?post=15509"},{"taxonomy":"post_tag","embeddable":true,"href":"https:\/\/jeffersonisac.adv.br\/index.php\/wp-json\/wp\/v2\/tags?post=15509"}],"curies":[{"name":"wp","href":"https:\/\/api.w.org\/{rel}","templated":true}]}}