{"id":15512,"date":"2026-02-24T18:28:20","date_gmt":"2026-02-24T21:28:20","guid":{"rendered":"https:\/\/jeffersonisac.adv.br\/index.php\/2026\/02\/24\/deputado-e-historiador-lembram-fatos-marcantes-da-historia-da-camara-ouca\/"},"modified":"2026-02-24T18:28:20","modified_gmt":"2026-02-24T21:28:20","slug":"deputado-e-historiador-lembram-fatos-marcantes-da-historia-da-camara-ouca","status":"publish","type":"post","link":"https:\/\/jeffersonisac.adv.br\/index.php\/2026\/02\/24\/deputado-e-historiador-lembram-fatos-marcantes-da-historia-da-camara-ouca\/","title":{"rendered":"Deputado e historiador lembram fatos marcantes da hist\u00f3ria da C\u00e2mara; ou\u00e7a"},"content":{"rendered":"<div class=\"image-container\">\n<div class=\"media-wrapper\"><\/div>\n<\/div>\n<p>O deputado Lafayette de Andrada (Republicanos-MG) e o historiador Joanisval Brito Gon\u00e7alves, consultor legislativo do Senado, lembram fatos marcantes da hist\u00f3ria da C\u00e2mara dos Deputados em entrevista ao programa Feijoada Completa, da R\u00e1dio C\u00e2mara.<\/p>\n<p>Descendente de Jos\u00e9 Bonif\u00e1cio de Andrada e Silva, o Patriarca da Independ\u00eancia, Lafayette de Andrada \u00e9 o coordenador da Comiss\u00e3o Especial Curadora dos 200 anos da C\u00e2mara.<\/p>\n<p><a href=\"https:\/\/www.camara.leg.br\/midias-fs\/audio\/2026\/02\/20260220-feijoada-completa-ed-594-bl-01.mp3\">Ou\u00e7a o progama aqui<\/a><\/p>\n<p>Ele lembra que as comemora\u00e7\u00f5es do bicenten\u00e1rio come\u00e7aram no ano passado e continuar\u00e3o neste ano, alcan\u00e7ando seu \u00e1pice em 6 de maio, que \u00e9 a data do anivers\u00e1rio da institui\u00e7\u00e3o.<\/p>\n<p>Os dois convidados destacam a relev\u00e2ncia dos arquivos hist\u00f3ricos reconhecidos pela Unesco e o papel da C\u00e2mara como um pilar de estabilidade democr\u00e1tica no Brasil.<\/p>\n<p>Al\u00e9m das an\u00e1lises pol\u00edticas, a transmiss\u00e3o traz m\u00fasicas, como a &#8220;Grande Fantasia Triunfal sobre o Hino Nacional Brasileiro&#8221;, composta pelo maestro Louis Moreau Gottschalk a pedido do imperador Dom Pedro II; e o Menestrel das Alagoas, de Milton Nascimento e Fernando Brant, interpretado por Faf\u00e1 de Bel\u00e9m.<\/p>\n<p><a href=\"https:\/\/especial.camara.leg.br\/200anos\/\">Saiba tudo sobre o bicenten\u00e1rio da C\u00e2mara<\/a><\/p>","protected":false},"excerpt":{"rendered":"<p>O deputado Lafayette de Andrada (Republicanos-MG) e o historiador Joanisval Brito Gon\u00e7alves, consultor legislativo do Senado, lembram fatos marcantes da hist\u00f3ria da C\u00e2mara dos Deputados em entrevista ao programa Feijoada Completa, da R\u00e1dio C\u00e2mara. Descendente de Jos\u00e9 Bonif\u00e1cio de Andrada e Silva, o Patriarca da Independ\u00eancia, Lafayette de Andrada \u00e9 o coordenador da Comiss\u00e3o Especial [&hellip;]<\/p>\n","protected":false},"author":0,"featured_media":0,"comment_status":"open","ping_status":"open","sticky":false,"template":"","format":"standard","meta":{"footnotes":""},"categories":[1],"tags":[],"_links":{"self":[{"href":"https:\/\/jeffersonisac.adv.br\/index.php\/wp-json\/wp\/v2\/posts\/15512"}],"collection":[{"href":"https:\/\/jeffersonisac.adv.br\/index.php\/wp-json\/wp\/v2\/posts"}],"about":[{"href":"https:\/\/jeffersonisac.adv.br\/index.php\/wp-json\/wp\/v2\/types\/post"}],"replies":[{"embeddable":true,"href":"https:\/\/jeffersonisac.adv.br\/index.php\/wp-json\/wp\/v2\/comments?post=15512"}],"version-history":[{"count":0,"href":"https:\/\/jeffersonisac.adv.br\/index.php\/wp-json\/wp\/v2\/posts\/15512\/revisions"}],"wp:attachment":[{"href":"https:\/\/jeffersonisac.adv.br\/index.php\/wp-json\/wp\/v2\/media?parent=15512"}],"wp:term":[{"taxonomy":"category","embeddable":true,"href":"https:\/\/jeffersonisac.adv.br\/index.php\/wp-json\/wp\/v2\/categories?post=15512"},{"taxonomy":"post_tag","embeddable":true,"href":"https:\/\/jeffersonisac.adv.br\/index.php\/wp-json\/wp\/v2\/tags?post=15512"}],"curies":[{"name":"wp","href":"https:\/\/api.w.org\/{rel}","templated":true}]}}