{"id":15514,"date":"2026-02-24T19:32:31","date_gmt":"2026-02-24T22:32:31","guid":{"rendered":"https:\/\/jeffersonisac.adv.br\/index.php\/2026\/02\/24\/deputados-e-especialistas-cobram-agilidade-na-aplicacao-da-politica-nacional-contra-o-cancer\/"},"modified":"2026-02-24T19:32:31","modified_gmt":"2026-02-24T22:32:31","slug":"deputados-e-especialistas-cobram-agilidade-na-aplicacao-da-politica-nacional-contra-o-cancer","status":"publish","type":"post","link":"https:\/\/jeffersonisac.adv.br\/index.php\/2026\/02\/24\/deputados-e-especialistas-cobram-agilidade-na-aplicacao-da-politica-nacional-contra-o-cancer\/","title":{"rendered":"Deputados e especialistas cobram agilidade na aplica\u00e7\u00e3o da pol\u00edtica nacional contra o c\u00e2ncer"},"content":{"rendered":"<div class=\"image-container\">\n<div class=\"midia-creditos\"><em>Vinicius Loures \/ C\u00e2mara dos Deputados<\/em><\/div>\n<div class=\"media-wrapper\"><\/div>\n<div class=\"midia-legenda\">Weliton Prado alertou para a dist\u00e2ncia entre a lei e a realidade<\/div>\n<\/div>\n<p>A Comiss\u00e3o Especial de Combate ao C\u00e2ncer, AVC e Doen\u00e7as do Cora\u00e7\u00e3o debateu, nesta ter\u00e7a-feira (24), na C\u00e2mara dos Deputados, a implementa\u00e7\u00e3o da Pol\u00edtica Nacional de Preven\u00e7\u00e3o e Controle do C\u00e2ncer ap\u00f3s sua regulamenta\u00e7\u00e3o pelo Minist\u00e9rio da Sa\u00fade. O debate focou na urg\u00eancia de transformar a legisla\u00e7\u00e3o em atendimento pr\u00e1tico na ponta, garantindo diagn\u00f3stico precoce e tratamento em tempo oportuno.<\/p>\n<p>O autor do requerimento para a realiza\u00e7\u00e3o do debate, deputado Weliton Prado (Solidariedade-MG), comemorou a aprova\u00e7\u00e3o da pol\u00edtica, mas alertou para a dist\u00e2ncia entre a lei e a realidade. &#8220;No pa\u00eds, primeiro voc\u00ea luta muito para aprovar uma lei, depois \u00e9 uma luta maior ainda para a lei sair do papel e aquilo virar realidade&#8221;, afirmou o parlamentar. Ele destacou que o c\u00e2ncer de mama mata cerca de 50 mulheres por dia no Brasil, mortes que seriam evit\u00e1veis com acesso \u00e0 preven\u00e7\u00e3o.<\/p>\n<div class=\"image-container\">\n<div class=\"midia-creditos\"><em>Vinicius Loures \/ C\u00e2mara dos Deputados<\/em><\/div>\n<div class=\"media-wrapper\"><\/div>\n<div class=\"midia-legenda\">Viviane Rezende: Inca \u00e9 uma escola de forma\u00e7\u00e3o de especialistas<\/div>\n<\/div>\n<p><strong>Fortalecimento do Inca<\/strong><br \/>\nUm dos pontos centrais da audi\u00eancia foi a situa\u00e7\u00e3o do Instituto Nacional de C\u00e2ncer (Inca). Servidores e especialistas pediram a realiza\u00e7\u00e3o urgente de concurso p\u00fablico para a institui\u00e7\u00e3o, que n\u00e3o renova seu quadro h\u00e1 quase uma d\u00e9cada.<\/p>\n<p>O vice-presidente da Associa\u00e7\u00e3o de Funcion\u00e1rios do Inca, Peter Tavares, ressaltou o papel hist\u00f3rico da entidade. &#8220;O Inca n\u00e3o \u00e9 s\u00f3 um hospital que trata oncologia. Ele \u00e9 uma universidade oncol\u00f3gica que faz pesquisa, ci\u00eancia e forma\u00e7\u00e3o. Precisamos de concurso p\u00fablico porque j\u00e1 tem quase 10 anos sem esse certame&#8221;, cobrou Tavares.<\/p>\n<p>A vice-presidente da Sociedade Brasileira de Cirurgia Oncol\u00f3gica, Viviane Rezende de Oliveira, corroborou a import\u00e2ncia do instituto na forma\u00e7\u00e3o de especialistas. &#8220;O Inca \u00e9 uma escola, uma tradi\u00e7\u00e3o. A ess\u00eancia do instituto vem das pessoas que trabalham ali dentro, e n\u00e3o podemos deixar isso morrer&#8221;, declarou.<\/p>\n<p><strong>Inova\u00e7\u00f5es e gargalos no SUS<\/strong><br \/>\nA coordenadora-geral de Estrat\u00e9gias Inovadoras e Colaborativas de Aten\u00e7\u00e3o ao C\u00e2ncer do Minist\u00e9rio da Sa\u00fade, Nat\u00e1li Min\u00f3ia, apresentou avan\u00e7os na rede de aten\u00e7\u00e3o, como a amplia\u00e7\u00e3o do acesso \u00e0 radioterapia e o uso de carretas de sa\u00fade para diagn\u00f3stico m\u00f3vel. Ela destacou a nova estrat\u00e9gia de rastreamento do c\u00e2ncer de colo de \u00fatero. &#8220;A incorpora\u00e7\u00e3o tecnol\u00f3gica dos testes moleculares para detec\u00e7\u00e3o de HPV \u00e9 uma nova metodologia de rastreamento que garante que les\u00f5es precursoras sejam identificadas rapidamente&#8221;, explicou Min\u00f3ia.<\/p>\n<p>Entretanto, a presidente da Sociedade Brasileira de Oncologia Cl\u00ednica, Clarissa Baldoto, alertou para o desafio do financiamento de novos f\u00e1rmacos. &#8220;O custo da oncologia cl\u00ednica \u00e9 um desafio no mundo inteiro. Desenvolvemos um \u00edndice de prioriza\u00e7\u00e3o para categorizar quais medicamentos teriam impacto mais imediato para serem incorporados pelo SUS&#8221;, informou.<\/p>\n<div class=\"image-container\">\n<div class=\"midia-creditos\"><em>Vinicius Loures\/C\u00e2mara dos Deputados<\/em><\/div>\n<div class=\"media-wrapper\"><\/div>\n<div class=\"midia-legenda\">Marlene Oliveira manifestou preocupa\u00e7\u00e3o com m\u00e9todos de diagn\u00f3stico sem comprova\u00e7\u00e3o como a &#8220;termografia&#8221;<\/div>\n<\/div>\n<p><strong>Combate \u00e0 Desinforma\u00e7\u00e3o<\/strong><br \/>\nA presidente do Instituto Lado a Lado pela Vida, Marlene Oliveira, manifestou preocupa\u00e7\u00e3o com m\u00e9todos de diagn\u00f3stico sem comprova\u00e7\u00e3o cient\u00edfica, como a termografia, que estariam sendo usados de forma enganosa. &#8220;Isso me assusta muito. H\u00e1 lugares no Brasil utilizando esse m\u00e9todo chamado termografia, que n\u00e3o acusa nada em pacientes com alta suspeita de c\u00e2ncer. Isso \u00e9 irresponsabilidade&#8221;, alertou Oliveira.<\/p>\n<p>Sobre o tema, Prado refor\u00e7ou a gravidade da situa\u00e7\u00e3o: &#8220;Fazer uma termografia em adolescente \u00e9 enganar as pessoas. \u00c9 uma coisa absurda que cria desinforma\u00e7\u00e3o e afasta a mulher da mamografia correta&#8221;.<\/p>\n<p>O deputado Weliton Prado comprometeu-se a realizar uma audi\u00eancia espec\u00edfica para tratar da defici\u00eancia de profissionais no Inca e a buscar a cria\u00e7\u00e3o de um fundo nacional para garantir que o c\u00e2ncer seja tratado como doen\u00e7a emergencial no Or\u00e7amento federal.<\/p>","protected":false},"excerpt":{"rendered":"<p>Vinicius Loures \/ C\u00e2mara dos Deputados Weliton Prado alertou para a dist\u00e2ncia entre a lei e a realidade A Comiss\u00e3o Especial de Combate ao C\u00e2ncer, AVC e Doen\u00e7as do Cora\u00e7\u00e3o debateu, nesta ter\u00e7a-feira (24), na C\u00e2mara dos Deputados, a implementa\u00e7\u00e3o da Pol\u00edtica Nacional de Preven\u00e7\u00e3o e Controle do C\u00e2ncer ap\u00f3s sua regulamenta\u00e7\u00e3o pelo Minist\u00e9rio da [&hellip;]<\/p>\n","protected":false},"author":0,"featured_media":0,"comment_status":"open","ping_status":"open","sticky":false,"template":"","format":"standard","meta":{"footnotes":""},"categories":[1],"tags":[],"_links":{"self":[{"href":"https:\/\/jeffersonisac.adv.br\/index.php\/wp-json\/wp\/v2\/posts\/15514"}],"collection":[{"href":"https:\/\/jeffersonisac.adv.br\/index.php\/wp-json\/wp\/v2\/posts"}],"about":[{"href":"https:\/\/jeffersonisac.adv.br\/index.php\/wp-json\/wp\/v2\/types\/post"}],"replies":[{"embeddable":true,"href":"https:\/\/jeffersonisac.adv.br\/index.php\/wp-json\/wp\/v2\/comments?post=15514"}],"version-history":[{"count":0,"href":"https:\/\/jeffersonisac.adv.br\/index.php\/wp-json\/wp\/v2\/posts\/15514\/revisions"}],"wp:attachment":[{"href":"https:\/\/jeffersonisac.adv.br\/index.php\/wp-json\/wp\/v2\/media?parent=15514"}],"wp:term":[{"taxonomy":"category","embeddable":true,"href":"https:\/\/jeffersonisac.adv.br\/index.php\/wp-json\/wp\/v2\/categories?post=15514"},{"taxonomy":"post_tag","embeddable":true,"href":"https:\/\/jeffersonisac.adv.br\/index.php\/wp-json\/wp\/v2\/tags?post=15514"}],"curies":[{"name":"wp","href":"https:\/\/api.w.org\/{rel}","templated":true}]}}