{"id":15515,"date":"2026-02-24T21:27:58","date_gmt":"2026-02-25T00:27:58","guid":{"rendered":"https:\/\/jeffersonisac.adv.br\/index.php\/2026\/02\/24\/camara-votara-na-semana-que-vem-projetos-que-incluem-punicao-contra-violencia-vicaria\/"},"modified":"2026-02-24T21:27:58","modified_gmt":"2026-02-25T00:27:58","slug":"camara-votara-na-semana-que-vem-projetos-que-incluem-punicao-contra-violencia-vicaria","status":"publish","type":"post","link":"https:\/\/jeffersonisac.adv.br\/index.php\/2026\/02\/24\/camara-votara-na-semana-que-vem-projetos-que-incluem-punicao-contra-violencia-vicaria\/","title":{"rendered":"C\u00e2mara votar\u00e1 na semana que vem projetos que incluem puni\u00e7\u00e3o contra viol\u00eancia vic\u00e1ria"},"content":{"rendered":"<div class=\"image-container\">\n<div class=\"midia-creditos\"><em>Bruno Spada\/C\u00e2mara dos Deputados<\/em><\/div>\n<div class=\"media-wrapper\"><\/div>\n<div class=\"midia-legenda\">Laura Carneiro (D): &#8220;estamos propondo incluir a viol\u00eancia vic\u00e1ria na legisla\u00e7\u00e3o brasileira&#8221;<\/div>\n<\/div>\n<p>A deputada Laura Carneiro (PSD-RJ) anunciou nesta ter\u00e7a-feira (24) que, na pr\u00f3xima semana, ser\u00e3o votadas duas propostas que tratam sobre a viol\u00eancia vic\u00e1ria como forma de agress\u00e3o. Viol\u00eancia vic\u00e1ria \u00e9 a que ocorre por substitui\u00e7\u00e3o, ou seja, contra outras pessoas, mas com a inten\u00e7\u00e3o de atingir a mulher. Neste caso, a viol\u00eancia contra filhos, dependentes ou outros parentes da rede de apoio da mulher, com o objetivo de atingi-la. &#8220;\u00c9 um feminic\u00eddio \u00e0s avessas, mas muito mais grave. Porque faz a m\u00e3e se sentir culpada a vida inteira pela morte de seus filhos ou seus pais&#8221;, disse a parlamentar.<\/p>\n<p>Segundo a deputada, a ideia \u00e9 unir duas propostas que tratam do tema. A primeira, da pr\u00f3pria Laura Carneiro, inclui na <span class=\"termoGlossario\">Lei Maria da Penha<\/span>, de modo expresso, a viol\u00eancia vic\u00e1ria entre as defini\u00e7\u00f5es de viol\u00eancia dom\u00e9stica contra a mulher (PL 3880\/24). E a segunda (PL 2767\/25), da deputada Maria do Ros\u00e1rio (PT-RS) e outras quatro parlamentares, inclui o homic\u00eddio vic\u00e1rio no C\u00f3digo Penal. &#8220;O que estamos propondo \u00e9 unir os dois projetos para que possamos na semana que vem, em homenagem \u00e0 mulher brasileira, incluir a viol\u00eancia vic\u00e1ria na legisla\u00e7\u00e3o brasileira&#8221;, disse.<\/p>\n<p>Parlamentares da bancada feminina citaram o caso do secret\u00e1rio de governo de Itumbiara (GO), que matou seus dois filhos para atingir a esposa. Ele depois se suicidou. &#8220;Queremos dizer ao Brasil que, como mulheres que atuamos juntas no Parlamento, pedimos ao presidente Hugo Motta que priorize os temas das mulheres e coloquemos em vota\u00e7\u00e3o o enfrentamento \u00e0 impunidade pelas crian\u00e7as de Itumbiara e tamb\u00e9m pela m\u00e3e, que n\u00e3o seja ela julgada&#8221;, afirmou Maria do Ros\u00e1rio.<\/p>","protected":false},"excerpt":{"rendered":"<p>Bruno Spada\/C\u00e2mara dos Deputados Laura Carneiro (D): &#8220;estamos propondo incluir a viol\u00eancia vic\u00e1ria na legisla\u00e7\u00e3o brasileira&#8221; A deputada Laura Carneiro (PSD-RJ) anunciou nesta ter\u00e7a-feira (24) que, na pr\u00f3xima semana, ser\u00e3o votadas duas propostas que tratam sobre a viol\u00eancia vic\u00e1ria como forma de agress\u00e3o. Viol\u00eancia vic\u00e1ria \u00e9 a que ocorre por substitui\u00e7\u00e3o, ou seja, contra outras [&hellip;]<\/p>\n","protected":false},"author":0,"featured_media":0,"comment_status":"open","ping_status":"open","sticky":false,"template":"","format":"standard","meta":{"footnotes":""},"categories":[1],"tags":[],"_links":{"self":[{"href":"https:\/\/jeffersonisac.adv.br\/index.php\/wp-json\/wp\/v2\/posts\/15515"}],"collection":[{"href":"https:\/\/jeffersonisac.adv.br\/index.php\/wp-json\/wp\/v2\/posts"}],"about":[{"href":"https:\/\/jeffersonisac.adv.br\/index.php\/wp-json\/wp\/v2\/types\/post"}],"replies":[{"embeddable":true,"href":"https:\/\/jeffersonisac.adv.br\/index.php\/wp-json\/wp\/v2\/comments?post=15515"}],"version-history":[{"count":0,"href":"https:\/\/jeffersonisac.adv.br\/index.php\/wp-json\/wp\/v2\/posts\/15515\/revisions"}],"wp:attachment":[{"href":"https:\/\/jeffersonisac.adv.br\/index.php\/wp-json\/wp\/v2\/media?parent=15515"}],"wp:term":[{"taxonomy":"category","embeddable":true,"href":"https:\/\/jeffersonisac.adv.br\/index.php\/wp-json\/wp\/v2\/categories?post=15515"},{"taxonomy":"post_tag","embeddable":true,"href":"https:\/\/jeffersonisac.adv.br\/index.php\/wp-json\/wp\/v2\/tags?post=15515"}],"curies":[{"name":"wp","href":"https:\/\/api.w.org\/{rel}","templated":true}]}}