{"id":15521,"date":"2026-02-24T22:24:44","date_gmt":"2026-02-25T01:24:44","guid":{"rendered":"https:\/\/jeffersonisac.adv.br\/index.php\/2026\/02\/24\/deputados-analisam-mudancas-no-projeto-de-lei-antifaccao-acompanhe\/"},"modified":"2026-02-24T22:24:44","modified_gmt":"2026-02-25T01:24:44","slug":"deputados-analisam-mudancas-no-projeto-de-lei-antifaccao-acompanhe","status":"publish","type":"post","link":"https:\/\/jeffersonisac.adv.br\/index.php\/2026\/02\/24\/deputados-analisam-mudancas-no-projeto-de-lei-antifaccao-acompanhe\/","title":{"rendered":"Deputados analisam mudan\u00e7as no projeto de lei antifac\u00e7\u00e3o; acompanhe"},"content":{"rendered":"<div class=\"image-container\">\n<div class=\"midia-creditos\"><em>Bruno Spada\/C\u00e2mara dos Deputados<\/em><\/div>\n<div class=\"media-wrapper\"><\/div>\n<div class=\"midia-legenda\">Deputados na sess\u00e3o do Plen\u00e1rio desta ter\u00e7a-feira<\/div>\n<\/div>\n<p>A C\u00e2mara dos Deputados iniciou a <span class=\"termoGlossario\">Ordem do Dia<\/span> do Plen\u00e1rio e analisa agora o projeto de lei antifac\u00e7\u00e3o, que retornou do Senado com altera\u00e7\u00f5es. O relator da proposta, deputado Guilherme Derrite (PP-SP), recomenda a rejei\u00e7\u00e3o da maior parte do texto dos senadores.<\/p>\n<p>De autoria do Poder Executivo, o Projeto de Lei 5582\/25 aumenta as penas pela participa\u00e7\u00e3o em organiza\u00e7\u00e3o criminosa ou mil\u00edcia e prev\u00ea apreens\u00e3o pr\u00e9via de bens do investigado em certas circunst\u00e2ncias.<\/p>\n<p>Derrite prop\u00f5e manter o texto aprovado pela C\u00e2mara no ano passado, tipificando em outra lei v\u00e1rias condutas comuns de organiza\u00e7\u00f5es criminosas ou mil\u00edcias privadas com penas de <span class=\"termoGlossario\">reclus\u00e3o<\/span> de 20 a 40 anos em um crime categorizado como dom\u00ednio social estruturado. O favorecimento a esse dom\u00ednio ser\u00e1 punido com reclus\u00e3o de 12 a 20 anos.<\/p>\n<p>Do texto do Senado ele incluiu, por exemplo, a cria\u00e7\u00e3o da Contribui\u00e7\u00e3o de Interven\u00e7\u00e3o no Dom\u00ednio Econ\u00f4mico (<span class=\"termoGlossario\">Cide<\/span>) sobre bets para financiar o combate ao crime organizado at\u00e9 a institui\u00e7\u00e3o do Imposto Seletivo sobre esses jogos em 2027.<\/p>\n<p><strong>Mais informa\u00e7\u00f5es em instantes<\/strong><\/p>\n<p><a href=\"https:\/\/www.youtube.com\/watch?v=VVD55ssC7Xo\">Assista ao vivo<\/a><\/p>","protected":false},"excerpt":{"rendered":"<p>Bruno Spada\/C\u00e2mara dos Deputados Deputados na sess\u00e3o do Plen\u00e1rio desta ter\u00e7a-feira A C\u00e2mara dos Deputados iniciou a Ordem do Dia do Plen\u00e1rio e analisa agora o projeto de lei antifac\u00e7\u00e3o, que retornou do Senado com altera\u00e7\u00f5es. O relator da proposta, deputado Guilherme Derrite (PP-SP), recomenda a rejei\u00e7\u00e3o da maior parte do texto dos senadores. De [&hellip;]<\/p>\n","protected":false},"author":0,"featured_media":0,"comment_status":"open","ping_status":"open","sticky":false,"template":"","format":"standard","meta":{"footnotes":""},"categories":[1],"tags":[],"_links":{"self":[{"href":"https:\/\/jeffersonisac.adv.br\/index.php\/wp-json\/wp\/v2\/posts\/15521"}],"collection":[{"href":"https:\/\/jeffersonisac.adv.br\/index.php\/wp-json\/wp\/v2\/posts"}],"about":[{"href":"https:\/\/jeffersonisac.adv.br\/index.php\/wp-json\/wp\/v2\/types\/post"}],"replies":[{"embeddable":true,"href":"https:\/\/jeffersonisac.adv.br\/index.php\/wp-json\/wp\/v2\/comments?post=15521"}],"version-history":[{"count":0,"href":"https:\/\/jeffersonisac.adv.br\/index.php\/wp-json\/wp\/v2\/posts\/15521\/revisions"}],"wp:attachment":[{"href":"https:\/\/jeffersonisac.adv.br\/index.php\/wp-json\/wp\/v2\/media?parent=15521"}],"wp:term":[{"taxonomy":"category","embeddable":true,"href":"https:\/\/jeffersonisac.adv.br\/index.php\/wp-json\/wp\/v2\/categories?post=15521"},{"taxonomy":"post_tag","embeddable":true,"href":"https:\/\/jeffersonisac.adv.br\/index.php\/wp-json\/wp\/v2\/tags?post=15521"}],"curies":[{"name":"wp","href":"https:\/\/api.w.org\/{rel}","templated":true}]}}