{"id":15522,"date":"2026-02-24T22:24:44","date_gmt":"2026-02-25T01:24:44","guid":{"rendered":"https:\/\/jeffersonisac.adv.br\/index.php\/2026\/02\/24\/camara-votara-na-semana-que-vem-projetos-que-criam-punicao-contra-violencia-vicaria\/"},"modified":"2026-02-24T22:24:44","modified_gmt":"2026-02-25T01:24:44","slug":"camara-votara-na-semana-que-vem-projetos-que-criam-punicao-contra-violencia-vicaria","status":"publish","type":"post","link":"https:\/\/jeffersonisac.adv.br\/index.php\/2026\/02\/24\/camara-votara-na-semana-que-vem-projetos-que-criam-punicao-contra-violencia-vicaria\/","title":{"rendered":"C\u00e2mara votar\u00e1 na semana que vem projetos que criam puni\u00e7\u00e3o contra viol\u00eancia vic\u00e1ria"},"content":{"rendered":"<div class=\"image-container\">\n<div class=\"midia-creditos\"><em>Bruno Spada\/C\u00e2mara dos Deputados<\/em><\/div>\n<div class=\"media-wrapper\"><\/div>\n<div class=\"midia-legenda\">Laura Carneiro (D): &#8220;estamos propondo incluir a viol\u00eancia vic\u00e1ria na legisla\u00e7\u00e3o brasileira&#8221;<\/div>\n<\/div>\n<p>A deputada Laura Carneiro (PSD-RJ) anunciou nesta ter\u00e7a-feira (24) que, na pr\u00f3xima semana, ser\u00e3o votadas duas propostas que tratam sobre a viol\u00eancia vic\u00e1ria como forma de agress\u00e3o. Viol\u00eancia vic\u00e1ria \u00e9 a que ocorre por substitui\u00e7\u00e3o, ou seja, contra outras pessoas, mas com a inten\u00e7\u00e3o de atingir a mulher. Neste caso, a viol\u00eancia contra filhos, dependentes ou outros parentes da rede de apoio da mulher, com o objetivo de atingi-la. &#8220;\u00c9 um feminic\u00eddio \u00e0s avessas, mas muito mais grave. Porque faz a m\u00e3e se sentir culpada a vida inteira pela morte de seus filhos ou seus pais&#8221;, disse a parlamentar.<\/p>\n<p>Segundo a deputada, a ideia \u00e9 unir duas propostas que tratam do tema. A primeira, da pr\u00f3pria Laura Carneiro, inclui na <span class=\"termoGlossario\">Lei Maria da Penha<\/span>, de modo expresso, a viol\u00eancia vic\u00e1ria entre as defini\u00e7\u00f5es de viol\u00eancia dom\u00e9stica contra a mulher (<a href=\"https:\/\/www.camara.leg.br\/noticias\/1121471-COMISSAO-APROVA-PROJETO-QUE-INCLUI-VIOLENCIA-CONTRA-FILHOS-ENTRE-AS-FORMAS-DE-VIOLENCIA-CONTRA-A-MULHER\">PL 3880\/24<\/a>). E a segunda (<a href=\"https:\/\/www.camara.leg.br\/noticias\/1204879-COMISSAO-APROVA-TIPIFICACAO-DO-CRIME-DE-HOMICIDIO-VICARIO,-QUANDO-SE-MATA-O-FILHO-PARA-ATINGIR-A-MAE\">PL 2767\/25<\/a>), da deputada Maria do Ros\u00e1rio (PT-RS) e <a href=\"https:\/\/www.camara.leg.br\/proposicoesWeb\/prop_autores;jsessionid=node0uhqh6ci21psaf85hss4w8dg6558913.node0?idProposicao=2523381\" target=\"_blank\" rel=\"noopener\">outras quatro parlamentares<\/a>, inclui o homic\u00eddio vic\u00e1rio no C\u00f3digo Penal.<\/p>\n<p>&#8220;O que estamos propondo \u00e9 unir os dois projetos para que possamos na semana que vem, em homenagem \u00e0 mulher brasileira, incluir a viol\u00eancia vic\u00e1ria na legisla\u00e7\u00e3o brasileira&#8221;, disse Laura Carneiro.<\/p>\n<p>Em discursos no Plen\u00e1rio, as deputadas citaram o caso do secret\u00e1rio de governo de Itumbiara (GO), que matou seus dois filhos para atingir a esposa. Ele depois se suicidou. &#8220;Queremos dizer ao Brasil que, como mulheres que atuamos juntas no Parlamento, pedimos ao presidente Hugo Motta que priorize os temas das mulheres e coloquemos em vota\u00e7\u00e3o o enfrentamento \u00e0 impunidade pelas crian\u00e7as de Itumbiara e tamb\u00e9m pela m\u00e3e, que n\u00e3o seja ela julgada&#8221;, afirmou Maria do Ros\u00e1rio.<\/p>","protected":false},"excerpt":{"rendered":"<p>Bruno Spada\/C\u00e2mara dos Deputados Laura Carneiro (D): &#8220;estamos propondo incluir a viol\u00eancia vic\u00e1ria na legisla\u00e7\u00e3o brasileira&#8221; A deputada Laura Carneiro (PSD-RJ) anunciou nesta ter\u00e7a-feira (24) que, na pr\u00f3xima semana, ser\u00e3o votadas duas propostas que tratam sobre a viol\u00eancia vic\u00e1ria como forma de agress\u00e3o. Viol\u00eancia vic\u00e1ria \u00e9 a que ocorre por substitui\u00e7\u00e3o, ou seja, contra outras [&hellip;]<\/p>\n","protected":false},"author":0,"featured_media":0,"comment_status":"open","ping_status":"open","sticky":false,"template":"","format":"standard","meta":{"footnotes":""},"categories":[1],"tags":[],"_links":{"self":[{"href":"https:\/\/jeffersonisac.adv.br\/index.php\/wp-json\/wp\/v2\/posts\/15522"}],"collection":[{"href":"https:\/\/jeffersonisac.adv.br\/index.php\/wp-json\/wp\/v2\/posts"}],"about":[{"href":"https:\/\/jeffersonisac.adv.br\/index.php\/wp-json\/wp\/v2\/types\/post"}],"replies":[{"embeddable":true,"href":"https:\/\/jeffersonisac.adv.br\/index.php\/wp-json\/wp\/v2\/comments?post=15522"}],"version-history":[{"count":0,"href":"https:\/\/jeffersonisac.adv.br\/index.php\/wp-json\/wp\/v2\/posts\/15522\/revisions"}],"wp:attachment":[{"href":"https:\/\/jeffersonisac.adv.br\/index.php\/wp-json\/wp\/v2\/media?parent=15522"}],"wp:term":[{"taxonomy":"category","embeddable":true,"href":"https:\/\/jeffersonisac.adv.br\/index.php\/wp-json\/wp\/v2\/categories?post=15522"},{"taxonomy":"post_tag","embeddable":true,"href":"https:\/\/jeffersonisac.adv.br\/index.php\/wp-json\/wp\/v2\/tags?post=15522"}],"curies":[{"name":"wp","href":"https:\/\/api.w.org\/{rel}","templated":true}]}}