{"id":15524,"date":"2026-02-25T01:29:54","date_gmt":"2026-02-25T04:29:54","guid":{"rendered":"https:\/\/jeffersonisac.adv.br\/index.php\/2026\/02\/25\/motta-elogia-aprovacao-do-projeto-antifaccao-e-espera-votar-pec-da-seguranca-na-semana-que-vem\/"},"modified":"2026-02-25T01:29:54","modified_gmt":"2026-02-25T04:29:54","slug":"motta-elogia-aprovacao-do-projeto-antifaccao-e-espera-votar-pec-da-seguranca-na-semana-que-vem","status":"publish","type":"post","link":"https:\/\/jeffersonisac.adv.br\/index.php\/2026\/02\/25\/motta-elogia-aprovacao-do-projeto-antifaccao-e-espera-votar-pec-da-seguranca-na-semana-que-vem\/","title":{"rendered":"Motta elogia aprova\u00e7\u00e3o do projeto antifac\u00e7\u00e3o e espera votar PEC da Seguran\u00e7a na semana que vem"},"content":{"rendered":"<div class=\"image-container\">\n<div class=\"midia-creditos\"><em>Bruno Spada\/C\u00e2mara dos Deputados<\/em><\/div>\n<div class=\"media-wrapper\"><\/div>\n<div class=\"midia-legenda\">Hugo Motta: &#8220;aprovamos a medida mais dura de enfrentamento ao crime organizado&#8221;<\/div>\n<\/div>\n<p>O presidente da C\u00e2mara dos Deputados, Hugo Motta (Republicanos-PB), elogiou a aprova\u00e7\u00e3o do projeto de lei antifac\u00e7\u00e3o (PL 5582\/25), que classificou como &#8220;a medida mais dura de enfrentamento ao crime organizado do nosso pa\u00eds&#8221;. O texto passou pelo Plen\u00e1rio da C\u00e2mara e seguir\u00e1 para san\u00e7\u00e3o.<\/p>\n<p>Motta tamb\u00e9m anunciou para a pr\u00f3xima quarta-feira (4 de mar\u00e7o) a vota\u00e7\u00e3o em Plen\u00e1rio da Proposta de Emenda \u00e0 Constitui\u00e7\u00e3o da Seguran\u00e7a P\u00fablica (PEC 18\/25). &#8220;Na semana que vem, estaremos votando a PEC da Seguran\u00e7a. O relator e o presidente da comiss\u00e3o especial dever\u00e3o chamar sess\u00e3o na pr\u00f3xima ter\u00e7a-feira e, na quarta, estaremos pautando no Plen\u00e1rio a vota\u00e7\u00e3o da PEC, que ser\u00e1 tamb\u00e9m uma medida estruturante para que o nosso pa\u00eds possa enfrentar o crime organizado&#8221;, disse.<\/p>\n<p>A PEC cria o Sistema \u00danico de Seguran\u00e7a P\u00fablica, com o objetivo de integrar a atua\u00e7\u00e3o da Uni\u00e3o e dos estados no combate ao crime organizado.<\/p>\n<p><strong>Projeto antifac\u00e7\u00e3o<\/strong><br \/>\nO presidente da C\u00e2mara afirmou que escolheu o deputado Guilherme Derrite (PP-SP) para relatar o projeto antifac\u00e7\u00e3o porque o parlamentar tem hist\u00f3rico de enfrentamento ao crime organizado e poderia trazer para a legisla\u00e7\u00e3o a moderniza\u00e7\u00e3o e o endurecimento necess\u00e1rios para garantir mais seguran\u00e7a \u00e0s fam\u00edlias brasileiras.<\/p>\n<p>Motta destacou que h\u00e1 uma cobran\u00e7a da sociedade &#8220;para que estejamos firmes porque o crime organizado se organizou ao longo dos anos, e o Estado n\u00e3o se organizou para fazer o enfrentamento necess\u00e1rio&#8221;. Ele informou que o texto teve o apoio de todos os secret\u00e1rios de Seguran\u00e7a P\u00fablica do pa\u00eds, al\u00e9m de associa\u00e7\u00f5es de procuradores de Justi\u00e7a e delegados.<\/p>","protected":false},"excerpt":{"rendered":"<p>Bruno Spada\/C\u00e2mara dos Deputados Hugo Motta: &#8220;aprovamos a medida mais dura de enfrentamento ao crime organizado&#8221; O presidente da C\u00e2mara dos Deputados, Hugo Motta (Republicanos-PB), elogiou a aprova\u00e7\u00e3o do projeto de lei antifac\u00e7\u00e3o (PL 5582\/25), que classificou como &#8220;a medida mais dura de enfrentamento ao crime organizado do nosso pa\u00eds&#8221;. O texto passou pelo Plen\u00e1rio [&hellip;]<\/p>\n","protected":false},"author":0,"featured_media":0,"comment_status":"open","ping_status":"open","sticky":false,"template":"","format":"standard","meta":{"footnotes":""},"categories":[1],"tags":[],"_links":{"self":[{"href":"https:\/\/jeffersonisac.adv.br\/index.php\/wp-json\/wp\/v2\/posts\/15524"}],"collection":[{"href":"https:\/\/jeffersonisac.adv.br\/index.php\/wp-json\/wp\/v2\/posts"}],"about":[{"href":"https:\/\/jeffersonisac.adv.br\/index.php\/wp-json\/wp\/v2\/types\/post"}],"replies":[{"embeddable":true,"href":"https:\/\/jeffersonisac.adv.br\/index.php\/wp-json\/wp\/v2\/comments?post=15524"}],"version-history":[{"count":0,"href":"https:\/\/jeffersonisac.adv.br\/index.php\/wp-json\/wp\/v2\/posts\/15524\/revisions"}],"wp:attachment":[{"href":"https:\/\/jeffersonisac.adv.br\/index.php\/wp-json\/wp\/v2\/media?parent=15524"}],"wp:term":[{"taxonomy":"category","embeddable":true,"href":"https:\/\/jeffersonisac.adv.br\/index.php\/wp-json\/wp\/v2\/categories?post=15524"},{"taxonomy":"post_tag","embeddable":true,"href":"https:\/\/jeffersonisac.adv.br\/index.php\/wp-json\/wp\/v2\/tags?post=15524"}],"curies":[{"name":"wp","href":"https:\/\/api.w.org\/{rel}","templated":true}]}}