{"id":15527,"date":"2026-02-25T02:26:47","date_gmt":"2026-02-25T05:26:47","guid":{"rendered":"https:\/\/jeffersonisac.adv.br\/index.php\/2026\/02\/25\/motta-diz-que-aprovacao-do-redata-vai-estimular-geracao-de-emprego-renda-e-tecnologia-no-brasil\/"},"modified":"2026-02-25T02:26:47","modified_gmt":"2026-02-25T05:26:47","slug":"motta-diz-que-aprovacao-do-redata-vai-estimular-geracao-de-emprego-renda-e-tecnologia-no-brasil","status":"publish","type":"post","link":"https:\/\/jeffersonisac.adv.br\/index.php\/2026\/02\/25\/motta-diz-que-aprovacao-do-redata-vai-estimular-geracao-de-emprego-renda-e-tecnologia-no-brasil\/","title":{"rendered":"Motta diz que aprova\u00e7\u00e3o do Redata vai estimular gera\u00e7\u00e3o de emprego, renda e tecnologia no Brasil"},"content":{"rendered":"<div class=\"image-container\">\n<div class=\"midia-creditos\"><em>Bruno Spada\/C\u00e2mara dos Deputados<\/em><\/div>\n<div class=\"media-wrapper\"><\/div>\n<div class=\"midia-legenda\">Hugo Motta na sess\u00e3o do Plen\u00e1rio que aprovou o projeto de lei<\/div>\n<\/div>\n<p>O presidente da C\u00e2mara dos Deputados, Hugo Motta (Republicanos-PB), afirmou que a aprova\u00e7\u00e3o da proposta que cria incentivos fiscais para datacenters (Redata) estimular\u00e1 a gera\u00e7\u00e3o de emprego, renda e tecnologia. &#8220;Para que o Brasil possa aproveitar toda a potencialidade que tem de energia limpa e renov\u00e1vel e se desenvolver. Teremos oportunidade de aproveitar mais a matriz energ\u00e9tica que nosso pa\u00eds tem e ajudarmos no crescimento do Brasil&#8221;, disse.<\/p>\n<p>O Projeto de Lei 278\/26 foi aprovado pelo Plen\u00e1rio da C\u00e2mara na madrugada desta quarta-feira (25) e seguir\u00e1 para o Senado.<\/p>\n<p><a href=\"https:\/\/www.camara.leg.br\/noticias\/573454-SAIBA-MAIS-SOBRE-A-TRAMITACAO-DE-PROJETOS-DE-LEI\">Saiba mais sobre a tramita\u00e7\u00e3o de projetos de lei<\/a><\/p>","protected":false},"excerpt":{"rendered":"<p>Bruno Spada\/C\u00e2mara dos Deputados Hugo Motta na sess\u00e3o do Plen\u00e1rio que aprovou o projeto de lei O presidente da C\u00e2mara dos Deputados, Hugo Motta (Republicanos-PB), afirmou que a aprova\u00e7\u00e3o da proposta que cria incentivos fiscais para datacenters (Redata) estimular\u00e1 a gera\u00e7\u00e3o de emprego, renda e tecnologia. &#8220;Para que o Brasil possa aproveitar toda a potencialidade [&hellip;]<\/p>\n","protected":false},"author":0,"featured_media":0,"comment_status":"open","ping_status":"open","sticky":false,"template":"","format":"standard","meta":{"footnotes":""},"categories":[1],"tags":[],"_links":{"self":[{"href":"https:\/\/jeffersonisac.adv.br\/index.php\/wp-json\/wp\/v2\/posts\/15527"}],"collection":[{"href":"https:\/\/jeffersonisac.adv.br\/index.php\/wp-json\/wp\/v2\/posts"}],"about":[{"href":"https:\/\/jeffersonisac.adv.br\/index.php\/wp-json\/wp\/v2\/types\/post"}],"replies":[{"embeddable":true,"href":"https:\/\/jeffersonisac.adv.br\/index.php\/wp-json\/wp\/v2\/comments?post=15527"}],"version-history":[{"count":0,"href":"https:\/\/jeffersonisac.adv.br\/index.php\/wp-json\/wp\/v2\/posts\/15527\/revisions"}],"wp:attachment":[{"href":"https:\/\/jeffersonisac.adv.br\/index.php\/wp-json\/wp\/v2\/media?parent=15527"}],"wp:term":[{"taxonomy":"category","embeddable":true,"href":"https:\/\/jeffersonisac.adv.br\/index.php\/wp-json\/wp\/v2\/categories?post=15527"},{"taxonomy":"post_tag","embeddable":true,"href":"https:\/\/jeffersonisac.adv.br\/index.php\/wp-json\/wp\/v2\/tags?post=15527"}],"curies":[{"name":"wp","href":"https:\/\/api.w.org\/{rel}","templated":true}]}}