{"id":15533,"date":"2026-02-25T12:39:59","date_gmt":"2026-02-25T15:39:59","guid":{"rendered":"https:\/\/jeffersonisac.adv.br\/index.php\/2026\/02\/25\/motta-presta-solidariedade-a-minas-gerais-e-reafirma-apoio-da-camara-apos-tragedias\/"},"modified":"2026-02-25T12:39:59","modified_gmt":"2026-02-25T15:39:59","slug":"motta-presta-solidariedade-a-minas-gerais-e-reafirma-apoio-da-camara-apos-tragedias","status":"publish","type":"post","link":"https:\/\/jeffersonisac.adv.br\/index.php\/2026\/02\/25\/motta-presta-solidariedade-a-minas-gerais-e-reafirma-apoio-da-camara-apos-tragedias\/","title":{"rendered":"Motta presta solidariedade a Minas Gerais e reafirma apoio da C\u00e2mara ap\u00f3s trag\u00e9dias"},"content":{"rendered":"<div class=\"image-container\">\n<div class=\"midia-creditos\"><em>Ag\u00eancia Brasil<\/em><\/div>\n<div class=\"media-wrapper\"><\/div>\n<div class=\"midia-legenda\">Soldados do Corpo de Bombeiros e volunt\u00e1rios fazem busca e resgate de pessoas em Juiz de Fora<\/div>\n<\/div>\n<p>O presidente da C\u00e2mara, Hugo Motta (Republicanos-PB), prestou solidariedade aos atingidos pelas fortes chuvas que ocorrem na Zona da Mata mineira. Em Juiz de Fora, munic\u00edpio mais atingido pelas chuvas, at\u00e9 agora houve 30 mortes, al\u00e9m de 31 pessoas desaparecidas e 3.500 desabrigadas.<\/p>\n<p>Motta reafirmou o apoio da C\u00e2mara ao estado, com todas as medidas para amparar as fam\u00edlias atingidas.<\/p>\n<p>&#8220;Neste momento de tanta dor e perdas irrepar\u00e1veis, \u00e9 fundamental que nos unamos em uma corrente de solidariedade para prestar apoio imediato&#8221;, disse o presidente por meio de suas redes sociais.<\/p>","protected":false},"excerpt":{"rendered":"<p>Ag\u00eancia Brasil Soldados do Corpo de Bombeiros e volunt\u00e1rios fazem busca e resgate de pessoas em Juiz de Fora O presidente da C\u00e2mara, Hugo Motta (Republicanos-PB), prestou solidariedade aos atingidos pelas fortes chuvas que ocorrem na Zona da Mata mineira. Em Juiz de Fora, munic\u00edpio mais atingido pelas chuvas, at\u00e9 agora houve 30 mortes, al\u00e9m [&hellip;]<\/p>\n","protected":false},"author":0,"featured_media":0,"comment_status":"open","ping_status":"open","sticky":false,"template":"","format":"standard","meta":{"footnotes":""},"categories":[1],"tags":[],"_links":{"self":[{"href":"https:\/\/jeffersonisac.adv.br\/index.php\/wp-json\/wp\/v2\/posts\/15533"}],"collection":[{"href":"https:\/\/jeffersonisac.adv.br\/index.php\/wp-json\/wp\/v2\/posts"}],"about":[{"href":"https:\/\/jeffersonisac.adv.br\/index.php\/wp-json\/wp\/v2\/types\/post"}],"replies":[{"embeddable":true,"href":"https:\/\/jeffersonisac.adv.br\/index.php\/wp-json\/wp\/v2\/comments?post=15533"}],"version-history":[{"count":0,"href":"https:\/\/jeffersonisac.adv.br\/index.php\/wp-json\/wp\/v2\/posts\/15533\/revisions"}],"wp:attachment":[{"href":"https:\/\/jeffersonisac.adv.br\/index.php\/wp-json\/wp\/v2\/media?parent=15533"}],"wp:term":[{"taxonomy":"category","embeddable":true,"href":"https:\/\/jeffersonisac.adv.br\/index.php\/wp-json\/wp\/v2\/categories?post=15533"},{"taxonomy":"post_tag","embeddable":true,"href":"https:\/\/jeffersonisac.adv.br\/index.php\/wp-json\/wp\/v2\/tags?post=15533"}],"curies":[{"name":"wp","href":"https:\/\/api.w.org\/{rel}","templated":true}]}}