{"id":15534,"date":"2026-02-25T12:39:59","date_gmt":"2026-02-25T15:39:59","guid":{"rendered":"https:\/\/jeffersonisac.adv.br\/index.php\/2026\/02\/25\/projeto-pune-servidor-que-usa-bem-publico-para-fins-particulares\/"},"modified":"2026-02-25T12:39:59","modified_gmt":"2026-02-25T15:39:59","slug":"projeto-pune-servidor-que-usa-bem-publico-para-fins-particulares","status":"publish","type":"post","link":"https:\/\/jeffersonisac.adv.br\/index.php\/2026\/02\/25\/projeto-pune-servidor-que-usa-bem-publico-para-fins-particulares\/","title":{"rendered":"Projeto pune servidor que usa bem p\u00fablico para fins particulares"},"content":{"rendered":"<div class=\"image-container\">\n<div class=\"midia-creditos\"><em>M\u00e1rio Agra\/C\u00e2mara dos Deputados<\/em><\/div>\n<div class=\"media-wrapper\"><\/div>\n<div class=\"midia-legenda\">Amom Mandel: o uso indevido de bens p\u00fablicos representa desvio \u00e9tico e funcional<\/div>\n<\/div>\n<p>O Projeto de Lei 6366\/25, do deputado Amom Mandel (Cidadania-AM), cria o crime de peculato de uso. A proposta, que inclui a penalidade no <a href=\"https:\/\/www2.camara.leg.br\/legin\/fed\/declei\/1940-1949\/decreto-lei-2848-7-dezembro-1940-412868-norma-pe.html\">C\u00f3digo Penal<\/a>, est\u00e1 em an\u00e1lise na C\u00e2mara dos Deputados.<\/p>\n<p>Pelo texto, o crime acontece quando um funcion\u00e1rio p\u00fablico apropria-se de bem m\u00f3vel ou im\u00f3vel da administra\u00e7\u00e3o p\u00fablica ou sob sua guarda sem autoriza\u00e7\u00e3o legal, para uso pessoal, sem a inten\u00e7\u00e3o de ficar definitivamente com o produto.<\/p>\n<p>Seria o caso, por exemplo, de um servidor que usa ve\u00edculo oficial, fora do expediente, para ir com familiares a um evento particular. A pena prevista \u00e9 de seis meses a dois anos de <span class=\"termoGlossario\">deten\u00e7\u00e3o<\/span>, ou multa. Se comprovado que o bem foi usado por motivo justo, a pena poder\u00e1 ser reduzida a at\u00e9 tr\u00eas meses de deten\u00e7\u00e3o.<\/p>\n<p>Por\u00e9m, se o uso ocorrer para obter vantagem patrimonial, pol\u00edtica ou pessoal, a pena pode chegar a tr\u00eas anos de deten\u00e7\u00e3o. Um agente p\u00fablico usando carros oficiais e equipe do \u00f3rg\u00e3o para transportar pessoas e material de um evento de pr\u00e9-campanha ou para montar estrutura de com\u00edcio se enquadraria nesse caso.<\/p>\n<p>Mandel afirmou que a reda\u00e7\u00e3o atual do C\u00f3digo Penal n\u00e3o vale para condutas em que o servidor utiliza temporariamente bens p\u00fablicos para fins particulares, sem a inten\u00e7\u00e3o de se apropriar deles, gerando impunidade e inseguran\u00e7a jur\u00eddica.<\/p>\n<p>&#8220;O uso indevido de bens p\u00fablicos representa desvio \u00e9tico e funcional, comprometendo a credibilidade das institui\u00e7\u00f5es e a confian\u00e7a da sociedade na lisura da atua\u00e7\u00e3o estatal&#8221;, disse.<\/p>\n<p><strong>Pr\u00f3ximos passos<\/strong><br \/>\nA proposta ser\u00e1 analisada pela Comiss\u00e3o de Constitui\u00e7\u00e3o e Justi\u00e7a e de Cidadania. Depois, seguir\u00e1 para o Plen\u00e1rio.<\/p>\n<p>Para virar lei, precisa passar pela C\u00e2mara e pelo Senado.<\/p>\n<p><a href=\"https:\/\/www.camara.leg.br\/noticias\/573454-SAIBA-MAIS-SOBRE-A-TRAMITACAO-DE-PROJETOS-DE-LEI\">Saiba mais sobre a tramita\u00e7\u00e3o de projetos de lei<\/a><\/p>","protected":false},"excerpt":{"rendered":"<p>M\u00e1rio Agra\/C\u00e2mara dos Deputados Amom Mandel: o uso indevido de bens p\u00fablicos representa desvio \u00e9tico e funcional O Projeto de Lei 6366\/25, do deputado Amom Mandel (Cidadania-AM), cria o crime de peculato de uso. A proposta, que inclui a penalidade no C\u00f3digo Penal, est\u00e1 em an\u00e1lise na C\u00e2mara dos Deputados. Pelo texto, o crime acontece [&hellip;]<\/p>\n","protected":false},"author":0,"featured_media":0,"comment_status":"open","ping_status":"open","sticky":false,"template":"","format":"standard","meta":{"footnotes":""},"categories":[1],"tags":[],"_links":{"self":[{"href":"https:\/\/jeffersonisac.adv.br\/index.php\/wp-json\/wp\/v2\/posts\/15534"}],"collection":[{"href":"https:\/\/jeffersonisac.adv.br\/index.php\/wp-json\/wp\/v2\/posts"}],"about":[{"href":"https:\/\/jeffersonisac.adv.br\/index.php\/wp-json\/wp\/v2\/types\/post"}],"replies":[{"embeddable":true,"href":"https:\/\/jeffersonisac.adv.br\/index.php\/wp-json\/wp\/v2\/comments?post=15534"}],"version-history":[{"count":0,"href":"https:\/\/jeffersonisac.adv.br\/index.php\/wp-json\/wp\/v2\/posts\/15534\/revisions"}],"wp:attachment":[{"href":"https:\/\/jeffersonisac.adv.br\/index.php\/wp-json\/wp\/v2\/media?parent=15534"}],"wp:term":[{"taxonomy":"category","embeddable":true,"href":"https:\/\/jeffersonisac.adv.br\/index.php\/wp-json\/wp\/v2\/categories?post=15534"},{"taxonomy":"post_tag","embeddable":true,"href":"https:\/\/jeffersonisac.adv.br\/index.php\/wp-json\/wp\/v2\/tags?post=15534"}],"curies":[{"name":"wp","href":"https:\/\/api.w.org\/{rel}","templated":true}]}}