{"id":15535,"date":"2026-02-25T12:39:59","date_gmt":"2026-02-25T15:39:59","guid":{"rendered":"https:\/\/jeffersonisac.adv.br\/index.php\/2026\/02\/25\/comissao-aprova-projeto-que-garante-a-criancas-e-adolescentes-acesso-a-saude-mental-no-sus-2\/"},"modified":"2026-02-25T12:39:59","modified_gmt":"2026-02-25T15:39:59","slug":"comissao-aprova-projeto-que-garante-a-criancas-e-adolescentes-acesso-a-saude-mental-no-sus-2","status":"publish","type":"post","link":"https:\/\/jeffersonisac.adv.br\/index.php\/2026\/02\/25\/comissao-aprova-projeto-que-garante-a-criancas-e-adolescentes-acesso-a-saude-mental-no-sus-2\/","title":{"rendered":"Comiss\u00e3o aprova projeto que garante a crian\u00e7as e adolescentes acesso \u00e0 sa\u00fade mental no SUS"},"content":{"rendered":"<div class=\"image-container\">\n<div class=\"midia-creditos\"><em>Vinicius Loures\/C\u00e2mara dos Deputados<\/em><\/div>\n<div class=\"media-wrapper\"><\/div>\n<div class=\"midia-legenda\">Laura Carneiro \u00e9 a relatora do projeto<\/div>\n<\/div>\n<p>A Comiss\u00e3o de Constitui\u00e7\u00e3o e Justi\u00e7a e de Cidadania (CCJ) da C\u00e2mara dos Deputados aprovou o Projeto de Lei 4928\/23, que assegura acesso de crian\u00e7as e adolescentes a programas de sa\u00fade mental do Sistema \u00danico de Sa\u00fade (SUS).<\/p>\n<p>Como tramita em <span class=\"termoGlossario\">car\u00e1ter conclusivo<\/span>, a proposta, apresentada pela senadora Damares Alves (PL-DF) e j\u00e1 aprovada pelo Senado, dever\u00e1 seguir para san\u00e7\u00e3o presidencial, salvo se houver recurso para an\u00e1lise no Plen\u00e1rio da C\u00e2mara.<\/p>\n<p><a href=\"https:\/\/www.camara.leg.br\/noticias\/573454-SAIBA-MAIS-SOBRE-A-TRAMITACAO-DE-PROJETOS-DE-LEI\">Saiba mais sobre a tramita\u00e7\u00e3o de projetos de lei\u00a0<\/a><\/p>\n<p>A proposta altera o <a class=\"linkLegislacao\" href=\"https:\/\/www2.camara.gov.br\/legin\/fed\/lei\/1990\/lei-8069-13-julho-1990-372211-norma-pl.html\">Estatuto da Crian\u00e7a e do Adolescente (ECA)<\/a>. Pelo texto, os programas dever\u00e3o promover a aten\u00e7\u00e3o psicossocial b\u00e1sica e especializada, bem como o atendimento de urg\u00eancia e emerg\u00eancia, al\u00e9m da aten\u00e7\u00e3o hospitalar. Al\u00e9m disso, os profissionais dever\u00e3o ter forma\u00e7\u00e3o para identificar sinais de risco.<\/p>\n<p>A relatora, deputada Laura Carneiro (PSD-RJ), defendeu a aprova\u00e7\u00e3o do texto. \u201cA proposta alinha-se aos preceitos constitucionais que asseguram que a sa\u00fade \u00e9 direito de todos e dever do Estado\u201d, disse a relatora no parecer.<\/p>","protected":false},"excerpt":{"rendered":"<p>Vinicius Loures\/C\u00e2mara dos Deputados Laura Carneiro \u00e9 a relatora do projeto A Comiss\u00e3o de Constitui\u00e7\u00e3o e Justi\u00e7a e de Cidadania (CCJ) da C\u00e2mara dos Deputados aprovou o Projeto de Lei 4928\/23, que assegura acesso de crian\u00e7as e adolescentes a programas de sa\u00fade mental do Sistema \u00danico de Sa\u00fade (SUS). Como tramita em car\u00e1ter conclusivo, a [&hellip;]<\/p>\n","protected":false},"author":0,"featured_media":0,"comment_status":"open","ping_status":"open","sticky":false,"template":"","format":"standard","meta":{"footnotes":""},"categories":[1],"tags":[],"_links":{"self":[{"href":"https:\/\/jeffersonisac.adv.br\/index.php\/wp-json\/wp\/v2\/posts\/15535"}],"collection":[{"href":"https:\/\/jeffersonisac.adv.br\/index.php\/wp-json\/wp\/v2\/posts"}],"about":[{"href":"https:\/\/jeffersonisac.adv.br\/index.php\/wp-json\/wp\/v2\/types\/post"}],"replies":[{"embeddable":true,"href":"https:\/\/jeffersonisac.adv.br\/index.php\/wp-json\/wp\/v2\/comments?post=15535"}],"version-history":[{"count":0,"href":"https:\/\/jeffersonisac.adv.br\/index.php\/wp-json\/wp\/v2\/posts\/15535\/revisions"}],"wp:attachment":[{"href":"https:\/\/jeffersonisac.adv.br\/index.php\/wp-json\/wp\/v2\/media?parent=15535"}],"wp:term":[{"taxonomy":"category","embeddable":true,"href":"https:\/\/jeffersonisac.adv.br\/index.php\/wp-json\/wp\/v2\/categories?post=15535"},{"taxonomy":"post_tag","embeddable":true,"href":"https:\/\/jeffersonisac.adv.br\/index.php\/wp-json\/wp\/v2\/tags?post=15535"}],"curies":[{"name":"wp","href":"https:\/\/api.w.org\/{rel}","templated":true}]}}