{"id":15536,"date":"2026-02-25T12:39:59","date_gmt":"2026-02-25T15:39:59","guid":{"rendered":"https:\/\/jeffersonisac.adv.br\/index.php\/2026\/02\/25\/relator-diz-que-acordo-mercosul-ue-deve-ser-votado-nesta-quarta-no-plenario-ouca-a-entrevista\/"},"modified":"2026-02-25T12:39:59","modified_gmt":"2026-02-25T15:39:59","slug":"relator-diz-que-acordo-mercosul-ue-deve-ser-votado-nesta-quarta-no-plenario-ouca-a-entrevista","status":"publish","type":"post","link":"https:\/\/jeffersonisac.adv.br\/index.php\/2026\/02\/25\/relator-diz-que-acordo-mercosul-ue-deve-ser-votado-nesta-quarta-no-plenario-ouca-a-entrevista\/","title":{"rendered":"Relator diz que acordo Mercosul-UE deve ser votado nesta quarta no Plen\u00e1rio; ou\u00e7a a entrevista"},"content":{"rendered":"<div class=\"image-container\">\n<div class=\"midia-creditos\"><em>Bruno Spada\/C\u00e2mara dos Deputados<\/em><\/div>\n<div class=\"media-wrapper\"><\/div>\n<div class=\"midia-legenda\">Pereira: &#8220;O acordo n\u00e3o \u00e9 de governo A, B ou C, porque foram 26 anos de negocia\u00e7\u00f5es&#8221;<\/div>\n<\/div>\n<p>O relator do acordo entre Mercosul e Uni\u00e3o Europeia, deputado Marcos Pereira (Republicanos-SP), confirmou que o tratado deve ser votado nesta quarta-feira (25) pelo Plen\u00e1rio da C\u00e2mara. Em entrevista \u00e0 <em>R\u00e1dio C\u00e2mara<\/em>, Pereira destacou a import\u00e2ncia do tratado para a economia do pa\u00eds.<\/p>\n<p>\u201cEle ser\u00e1 extremamente importante para a indu\u00e7\u00e3o do crescimento da economia do nosso pa\u00eds, do agroneg\u00f3cio, da ind\u00fastria e do com\u00e9rcio, da \u00e1rea de servi\u00e7os,\u201d enumerou.<\/p>\n<p><a href=\"https:\/\/www.camara.leg.br\/radio\/402-painel-eletronico\/\">Ou\u00e7a a \u00edntegra da entrevista de Marcos Pereira \u00e0 <em>R\u00e1dio C\u00e2mara.<\/em><\/a><\/p>\n<p>Marcos Pereira lembrou que, quando foi ministro de Ind\u00fastria e Com\u00e9rcio, entre 2016 e 2018, acompanhou as negocia\u00e7\u00f5es do acordo. Foram mais de 25 anos de conversas at\u00e9 que os dois blocos assinassem o documento, no m\u00eas passado.<\/p>\n<p>Para entrar em vigor, o texto precisa ser confirmado pelos parlamentos locais.<\/p>\n<p><strong>Aprova\u00e7\u00e3o preliminar<\/strong><br \/>\nAntes de chegar ao Plen\u00e1rio, <a href=\"https:\/\/www.camara.leg.br\/noticias\/1246984-ACORDO-MERCOSUL-UNIAO-EUROPEIA-SEGUE-PARA-O-PLENARIO-DA-CAMARA\">o acordo foi aprovado pela Representa\u00e7\u00e3o Brasileira no Parlamento do Mercosul<\/a> nesta ter\u00e7a (24).<\/p>\n<p>\u201cImportante registrar que o acordo n\u00e3o \u00e9 de governo A, B ou C, porque foram 26 anos de negocia\u00e7\u00f5es que perpassaram v\u00e1rios governos\u201d, enfatizou o deputado.<\/p>\n<p>Para Marcos Pereira, a ratifica\u00e7\u00e3o r\u00e1pida do acordo pelo Parlamento brasileiro ajuda a pressionar o lado europeu a avan\u00e7ar no tema.<\/p>\n<p>O relator lembrou que o Parlamento europeu apresentou um recurso \u00e0 corte europeia sobre o tratado. E h\u00e1 uma resist\u00eancia, liderada especialmente por agricultores da Fran\u00e7a, em rela\u00e7\u00e3o \u00e0s medidas colocadas na mesa.<\/p>\n<p>O acordo entre o Mercosul e a Uni\u00e3o Europeia prev\u00ea salvaguardas para evitar preju\u00edzos a determinados setores da economia, de um lado a outro.<\/p>\n<p><strong>Preocupa\u00e7\u00e3o do agroneg\u00f3cio<\/strong><br \/>\nO relator Marcos Pereira explicou alguns pontos de preocupa\u00e7\u00e3o no Brasil, apesar da import\u00e2ncia do tratado.<\/p>\n<p>\u201cA <span class=\"termoGlossario\">Frente Parlamentar<\/span> da Agropecu\u00e1ria tem uma preocupa\u00e7\u00e3o muito grande porque a Uni\u00e3o Europeia coloca uma salvaguarda de 5% de gatilho, ou seja, sobretudo do agro, haveria uma suspens\u00e3o e uma sobretaxa sobre o que exceder a 5% de crescimento de um ano para outro&#8221;, exemplificou.<\/p>\n<p>&#8220;Isso \u00e9 completamente invi\u00e1vel e impratic\u00e1vel, porque, s\u00f3 para te dar como exemplo, carne bovina <em>in natura<\/em>, de 2024 para 2025, cresceu 73%. Milho, por exemplo, cresceu 94%&#8221;, acrescentou, adiantando que o governo brasileiro j\u00e1 est\u00e1 tratando do tema.<\/p>\n<p><strong>Ind\u00fastria<\/strong><br \/>\nNo que se refere \u00e0 ind\u00fastria, o relator entende que o prazo de desgrava\u00e7\u00e3o, isto \u00e9, de zerar ou diminuir os impostos para o Brasil, \u00e9 mais vantajoso do que para a Europa.<\/p>\n<p>Segundo ele, os nossos impostos demorar\u00e3o at\u00e9 15 anos para serem desgravados, enquanto os dos europeus levar\u00e3o at\u00e9 oito anos. \u201cIsso ent\u00e3o possibilitar\u00e1 que a nossa ind\u00fastria se prepare,\u201d concluiu.<\/p>\n<p>\u00a0<\/p>\n<div><\/div>\n<p>\u00a0<\/p>","protected":false},"excerpt":{"rendered":"<p>Bruno Spada\/C\u00e2mara dos Deputados Pereira: &#8220;O acordo n\u00e3o \u00e9 de governo A, B ou C, porque foram 26 anos de negocia\u00e7\u00f5es&#8221; O relator do acordo entre Mercosul e Uni\u00e3o Europeia, deputado Marcos Pereira (Republicanos-SP), confirmou que o tratado deve ser votado nesta quarta-feira (25) pelo Plen\u00e1rio da C\u00e2mara. Em entrevista \u00e0 R\u00e1dio C\u00e2mara, Pereira destacou [&hellip;]<\/p>\n","protected":false},"author":0,"featured_media":0,"comment_status":"open","ping_status":"open","sticky":false,"template":"","format":"standard","meta":{"footnotes":""},"categories":[1],"tags":[],"_links":{"self":[{"href":"https:\/\/jeffersonisac.adv.br\/index.php\/wp-json\/wp\/v2\/posts\/15536"}],"collection":[{"href":"https:\/\/jeffersonisac.adv.br\/index.php\/wp-json\/wp\/v2\/posts"}],"about":[{"href":"https:\/\/jeffersonisac.adv.br\/index.php\/wp-json\/wp\/v2\/types\/post"}],"replies":[{"embeddable":true,"href":"https:\/\/jeffersonisac.adv.br\/index.php\/wp-json\/wp\/v2\/comments?post=15536"}],"version-history":[{"count":0,"href":"https:\/\/jeffersonisac.adv.br\/index.php\/wp-json\/wp\/v2\/posts\/15536\/revisions"}],"wp:attachment":[{"href":"https:\/\/jeffersonisac.adv.br\/index.php\/wp-json\/wp\/v2\/media?parent=15536"}],"wp:term":[{"taxonomy":"category","embeddable":true,"href":"https:\/\/jeffersonisac.adv.br\/index.php\/wp-json\/wp\/v2\/categories?post=15536"},{"taxonomy":"post_tag","embeddable":true,"href":"https:\/\/jeffersonisac.adv.br\/index.php\/wp-json\/wp\/v2\/tags?post=15536"}],"curies":[{"name":"wp","href":"https:\/\/api.w.org\/{rel}","templated":true}]}}