{"id":15537,"date":"2026-02-25T14:28:17","date_gmt":"2026-02-25T17:28:17","guid":{"rendered":"https:\/\/jeffersonisac.adv.br\/index.php\/2026\/02\/25\/paulo-azi-e-designado-relator-na-ccj-da-proposta-que-preve-fim-da-escala-6x1\/"},"modified":"2026-02-25T14:28:17","modified_gmt":"2026-02-25T17:28:17","slug":"paulo-azi-e-designado-relator-na-ccj-da-proposta-que-preve-fim-da-escala-6x1","status":"publish","type":"post","link":"https:\/\/jeffersonisac.adv.br\/index.php\/2026\/02\/25\/paulo-azi-e-designado-relator-na-ccj-da-proposta-que-preve-fim-da-escala-6x1\/","title":{"rendered":"Paulo Azi \u00e9 designado relator, na CCJ, da proposta que prev\u00ea fim da escala 6&#215;1"},"content":{"rendered":"<div class=\"image-container\">\n<div class=\"midia-creditos\"><em>Zeca Ribeiro \/ C\u00e2mara dos Deputados<\/em><\/div>\n<div class=\"media-wrapper\"><\/div>\n<div class=\"midia-legenda\">Paulo Azi ser\u00e1 o relator na CCJ<\/div>\n<\/div>\n<p>O deputado Paulo Azi (Uni\u00e3o-BA) foi designado, na ter\u00e7a-feira (24), relator na Comiss\u00e3o de Constitui\u00e7\u00e3o e Justi\u00e7a (CCJ) da proposta que prev\u00ea o fim da escala 6&#215;1 de trabalho.<\/p>\n<p>A CCJ deve analisar a <span class=\"termoGlossario\">admissibilidade<\/span> de duas propostas que tramitam <span class=\"termoGlossario\">apensadas<\/span>: a <a class=\"linkProposicao\" href=\"https:\/\/www.camara.leg.br\/noticias\/1136412-pec-preve-a-adocao-da-jornada-de-quatro-dias-de-trabalho-para-todos-os-trabalhadores-brasileiros\">PEC 8\/25<\/a>, da deputada Erika Hilton (Psol-SP); e a <a class=\"linkProposicao\" href=\"https:\/\/www.camara.leg.br\/noticias\/632530-pec-reduz-jornada-semanal-de-trabalho-de-44-para-36-horas\">PEC 221\/19<\/a>, do deputado Reginaldo Lopes (PT-MG).<\/p>\n<p>Caso seja aprovado, o texto ser\u00e1 analisado por uma <span class=\"termoGlossario\">comiss\u00e3o especial<\/span> e, depois, pelo Plen\u00e1rio da C\u00e2mara dos Deputados.<\/p>\n<p><a href=\"https:\/\/www.camara.leg.br\/noticias\/573448-saiba-mais-sobre-a-tramitacao-de-pecs\/\">Saiba mais sobre a tramita\u00e7\u00e3o de Propostas de Emenda \u00e0 Constiui\u00e7\u00e3o<\/a><\/p>","protected":false},"excerpt":{"rendered":"<p>Zeca Ribeiro \/ C\u00e2mara dos Deputados Paulo Azi ser\u00e1 o relator na CCJ O deputado Paulo Azi (Uni\u00e3o-BA) foi designado, na ter\u00e7a-feira (24), relator na Comiss\u00e3o de Constitui\u00e7\u00e3o e Justi\u00e7a (CCJ) da proposta que prev\u00ea o fim da escala 6&#215;1 de trabalho. A CCJ deve analisar a admissibilidade de duas propostas que tramitam apensadas: a [&hellip;]<\/p>\n","protected":false},"author":0,"featured_media":0,"comment_status":"open","ping_status":"open","sticky":false,"template":"","format":"standard","meta":{"footnotes":""},"categories":[1],"tags":[],"_links":{"self":[{"href":"https:\/\/jeffersonisac.adv.br\/index.php\/wp-json\/wp\/v2\/posts\/15537"}],"collection":[{"href":"https:\/\/jeffersonisac.adv.br\/index.php\/wp-json\/wp\/v2\/posts"}],"about":[{"href":"https:\/\/jeffersonisac.adv.br\/index.php\/wp-json\/wp\/v2\/types\/post"}],"replies":[{"embeddable":true,"href":"https:\/\/jeffersonisac.adv.br\/index.php\/wp-json\/wp\/v2\/comments?post=15537"}],"version-history":[{"count":0,"href":"https:\/\/jeffersonisac.adv.br\/index.php\/wp-json\/wp\/v2\/posts\/15537\/revisions"}],"wp:attachment":[{"href":"https:\/\/jeffersonisac.adv.br\/index.php\/wp-json\/wp\/v2\/media?parent=15537"}],"wp:term":[{"taxonomy":"category","embeddable":true,"href":"https:\/\/jeffersonisac.adv.br\/index.php\/wp-json\/wp\/v2\/categories?post=15537"},{"taxonomy":"post_tag","embeddable":true,"href":"https:\/\/jeffersonisac.adv.br\/index.php\/wp-json\/wp\/v2\/tags?post=15537"}],"curies":[{"name":"wp","href":"https:\/\/api.w.org\/{rel}","templated":true}]}}