{"id":15539,"date":"2026-02-25T14:28:17","date_gmt":"2026-02-25T17:28:17","guid":{"rendered":"https:\/\/jeffersonisac.adv.br\/index.php\/2026\/02\/25\/comissao-aprova-proposta-que-veda-divulgacao-de-salario-de-servidora-vitima-de-violencia-domestica\/"},"modified":"2026-02-25T14:28:17","modified_gmt":"2026-02-25T17:28:17","slug":"comissao-aprova-proposta-que-veda-divulgacao-de-salario-de-servidora-vitima-de-violencia-domestica","status":"publish","type":"post","link":"https:\/\/jeffersonisac.adv.br\/index.php\/2026\/02\/25\/comissao-aprova-proposta-que-veda-divulgacao-de-salario-de-servidora-vitima-de-violencia-domestica\/","title":{"rendered":"Comiss\u00e3o aprova proposta que veda divulga\u00e7\u00e3o de sal\u00e1rio de servidora v\u00edtima de viol\u00eancia dom\u00e9stica"},"content":{"rendered":"<div class=\"image-container\">\n<div class=\"midia-creditos\"><em>Bruno Spada\/C\u00e2mara dos Deputados<\/em><\/div>\n<div class=\"media-wrapper\"><\/div>\n<div class=\"midia-legenda\">S\u00e2mia Bomfim \u00e9 a relatora da proposta<\/div>\n<\/div>\n<p>A Comiss\u00e3o de Administra\u00e7\u00e3o e Servi\u00e7o P\u00fablico da C\u00e2mara dos Deputados aprovou projeto de lei que pro\u00edbe a divulga\u00e7\u00e3o, na internet, dados profissionais, como remunera\u00e7\u00e3o e lota\u00e7\u00e3o, de servidoras e empregadas p\u00fablicas que estejam sob medida protetiva prevista na <a class=\"linkLegislacao\" href=\"https:\/\/www2.camara.gov.br\/legin\/fed\/lei\/2006\/lei-11340-7-agosto-2006-545133-norma-pl.html\">Lei Maria da Penha<\/a>.<\/p>\n<p>A prote\u00e7\u00e3o tamb\u00e9m valer\u00e1 para pessoas diretamente ligadas \u00e0 v\u00edtima, como pais, filhos e novos c\u00f4njuges.<\/p>\n<p>Pelo texto, o juiz poder\u00e1 determinar a supress\u00e3o das informa\u00e7\u00f5es obrigat\u00f3rias nos portais de transpar\u00eancia ou nos sites oficiais de \u00f3rg\u00e3os e entidades da Uni\u00e3o, dos estados, do Distrito Federal e dos munic\u00edpios.<\/p>\n<p>Ap\u00f3s a decis\u00e3o judicial, o \u00f3rg\u00e3o dever\u00e1 providenciar a retirada dos dados em at\u00e9 24 horas. Se a decis\u00e3o n\u00e3o for cumprida sem justificativa, dever\u00e1 ser instaurado processo administrativo disciplinar para apurar a responsabilidade.<\/p>\n<p>As informa\u00e7\u00f5es que n\u00e3o forem sigilosas poder\u00e3o ser acessadas\u00a0por meio de certid\u00e3o, extrato ou c\u00f3pia, com a oculta\u00e7\u00e3o das partes sob sigilo.<\/p>\n<p>O projeto acrescenta um artigo \u00e0 Lei Maria da Penha e altera a <a class=\"linkLegislacao\" href=\"https:\/\/www2.camara.gov.br\/legin\/fed\/lei\/2011\/lei-12527-18-novembro-2011-611802-norma-pl.html\">Lei de Acesso \u00e0 Informa\u00e7\u00e3o<\/a>.<\/p>\n<p><strong>Seguran\u00e7a<br \/>\n<\/strong>O texto aprovado \u00e9 um <span class=\"termoGlossario\">substitutivo<\/span> ao <a class=\"linkProposicao\" href=\"https:\/\/www.camara.leg.br\/noticias\/632605-proposta-proibe-divulgacao-de-salario-de-servidora-publica-sob-medidas-protetivas\">PL 5606\/19<\/a>, do deputado Pedro Lucas Fernandes (Uni\u00e3o-MA), e o <span class=\"termoGlossario\">apensado<\/span>, PL 3988\/20. A relatora na Comiss\u00e3o de Administra\u00e7\u00e3o foi a deputada S\u00e2mia Bomfim (Psol-SP).<\/p>\n<p>Em sua vers\u00e3o, S\u00e2mia estendeu a prote\u00e7\u00e3o \u00e0s pessoas ligadas \u00e0s v\u00edtimas de viol\u00eancia dom\u00e9stica e familiar e previu que o sigilo dure enquanto persistir a situa\u00e7\u00e3o de amea\u00e7a, com revis\u00e3o a cada cinco anos.<\/p>\n<p>Na avalia\u00e7\u00e3o da parlamentar, as proposi\u00e7\u00f5es resguardam as v\u00edtimas de viol\u00eancia dom\u00e9stica e familiar. \u201cSe de um lado a ampla divulga\u00e7\u00e3o [de dados profissionais] concretiza a transpar\u00eancia, de outro, pode vir a expor demasiadamente segmentos da sociedade que necessitam de prote\u00e7\u00e3o por se encontrarem em situa\u00e7\u00e3o excepcional de vulnerabilidade.\u201d<\/p>\n<p><strong>Pr\u00f3ximos passos<br \/>\n<\/strong>O texto ainda ser\u00e1 analisado, em <span class=\"termoGlossario\">car\u00e1ter conclusivo<\/span>, pela Comiss\u00e3o de Constitui\u00e7\u00e3o e Justi\u00e7a e de Cidadania. Para virar lei, precisa ser aprovado pelos deputados e pelos senadores.<\/p>\n<p><a href=\"https:\/\/www.camara.leg.br\/noticias\/573454-SAIBA-MAIS-SOBRE-A-TRAMITACAO-DE-PROJETOS-DE-LEI\">Saiba mais sobre a tramita\u00e7\u00e3o de projetos de lei<\/a><\/p>","protected":false},"excerpt":{"rendered":"<p>Bruno Spada\/C\u00e2mara dos Deputados S\u00e2mia Bomfim \u00e9 a relatora da proposta A Comiss\u00e3o de Administra\u00e7\u00e3o e Servi\u00e7o P\u00fablico da C\u00e2mara dos Deputados aprovou projeto de lei que pro\u00edbe a divulga\u00e7\u00e3o, na internet, dados profissionais, como remunera\u00e7\u00e3o e lota\u00e7\u00e3o, de servidoras e empregadas p\u00fablicas que estejam sob medida protetiva prevista na Lei Maria da Penha. A [&hellip;]<\/p>\n","protected":false},"author":0,"featured_media":0,"comment_status":"open","ping_status":"open","sticky":false,"template":"","format":"standard","meta":{"footnotes":""},"categories":[1],"tags":[],"_links":{"self":[{"href":"https:\/\/jeffersonisac.adv.br\/index.php\/wp-json\/wp\/v2\/posts\/15539"}],"collection":[{"href":"https:\/\/jeffersonisac.adv.br\/index.php\/wp-json\/wp\/v2\/posts"}],"about":[{"href":"https:\/\/jeffersonisac.adv.br\/index.php\/wp-json\/wp\/v2\/types\/post"}],"replies":[{"embeddable":true,"href":"https:\/\/jeffersonisac.adv.br\/index.php\/wp-json\/wp\/v2\/comments?post=15539"}],"version-history":[{"count":0,"href":"https:\/\/jeffersonisac.adv.br\/index.php\/wp-json\/wp\/v2\/posts\/15539\/revisions"}],"wp:attachment":[{"href":"https:\/\/jeffersonisac.adv.br\/index.php\/wp-json\/wp\/v2\/media?parent=15539"}],"wp:term":[{"taxonomy":"category","embeddable":true,"href":"https:\/\/jeffersonisac.adv.br\/index.php\/wp-json\/wp\/v2\/categories?post=15539"},{"taxonomy":"post_tag","embeddable":true,"href":"https:\/\/jeffersonisac.adv.br\/index.php\/wp-json\/wp\/v2\/tags?post=15539"}],"curies":[{"name":"wp","href":"https:\/\/api.w.org\/{rel}","templated":true}]}}