{"id":15541,"date":"2026-02-25T14:28:17","date_gmt":"2026-02-25T17:28:17","guid":{"rendered":"https:\/\/jeffersonisac.adv.br\/index.php\/2026\/02\/25\/comissao-aprova-projeto-que-fixa-norma-de-fabrica-como-padrao-de-seguranca-para-motorista-profissional-2\/"},"modified":"2026-02-25T14:28:17","modified_gmt":"2026-02-25T17:28:17","slug":"comissao-aprova-projeto-que-fixa-norma-de-fabrica-como-padrao-de-seguranca-para-motorista-profissional-2","status":"publish","type":"post","link":"https:\/\/jeffersonisac.adv.br\/index.php\/2026\/02\/25\/comissao-aprova-projeto-que-fixa-norma-de-fabrica-como-padrao-de-seguranca-para-motorista-profissional-2\/","title":{"rendered":"Comiss\u00e3o aprova projeto que fixa norma de f\u00e1brica como padr\u00e3o de seguran\u00e7a para motorista profissional"},"content":{"rendered":"<div class=\"image-container\">\n<div class=\"midia-creditos\"><em>Marina Ramos \/ C\u00e2mara dos Deputados<\/em><\/div>\n<div class=\"media-wrapper\"><\/div>\n<div class=\"midia-legenda\">Alex Manente recomendou a aprova\u00e7\u00e3o do projeto<\/div>\n<\/div>\n<p>A Comiss\u00e3o de Constitui\u00e7\u00e3o e Justi\u00e7a e de Cidadania (CCJ) da C\u00e2mara dos Deputados aprovou proposta pela qual os padr\u00f5es de seguran\u00e7a e de sa\u00fade dos motoristas profissionais dever\u00e3o seguir exclusivamente as especifica\u00e7\u00f5es dos fabricantes dos ve\u00edculos, conforme homologado pela autoridade competente.<\/p>\n<p>O texto aprovado \u00e9 a vers\u00e3o do relator, deputado Alex Manente (Cidadania-SP), para o <a class=\"linkProposicao\" href=\"https:\/\/www.camara.leg.br\/noticias\/1212753-projeto-fixa-norma-de-fabrica-como-padrao-de-seguranca-para-motorista-profissional\">Projeto de Lei 1134\/25<\/a>, do deputado Reginaldo Lopes (PT-MG). O relator fez ajustes na reda\u00e7\u00e3o.<\/p>\n<p>O <span class=\"termoGlossario\">substitutivo<\/span> altera o <a href=\"https:\/\/www2.camara.leg.br\/legin\/fed\/lei\/1997\/lei-9503-23-setembro-1997-372348-norma-pl.html\">C\u00f3digo de Tr\u00e2nsito Brasileiro<\/a>. A ideia \u00e9 uniformizar as regras, estabelecendo um crit\u00e9rio \u00fanico para a verifica\u00e7\u00e3o das condi\u00e7\u00f5es de trabalho com autom\u00f3veis, caminh\u00f5es e \u00f4nibus.<\/p>\n<p>Segundo o deputado Reginaldo Lopes, autor da vers\u00e3o original, a medida \u00e9 necess\u00e1ria para dar seguran\u00e7a jur\u00eddica \u00e0 categoria. \u201cA falta de clareza nas regras de padr\u00f5es de seguran\u00e7a causa dificuldade para os motoristas\u201d, argumentou.<\/p>\n<p><strong>Pr\u00f3ximos passos<\/strong><br \/>\nComo tramita em <span class=\"termoGlossario\">car\u00e1ter conclusivo<\/span>, a proposta dever\u00e1 seguir para o Senado, salvo se houver recurso para an\u00e1lise no Plen\u00e1rio da C\u00e2mara.<\/p>\n<p>Para virar lei, a vers\u00e3o final ter\u00e1 de ser aprovada por ambas as Casas.<\/p>\n<p><a href=\"https:\/\/www.camara.leg.br\/noticias\/573454-SAIBA-MAIS-SOBRE-A-TRAMITACAO-DE-PROJETOS-DE-LEI\">Saiba mais sobre a tramita\u00e7\u00e3o de projetos de lei<\/a><\/p>","protected":false},"excerpt":{"rendered":"<p>Marina Ramos \/ C\u00e2mara dos Deputados Alex Manente recomendou a aprova\u00e7\u00e3o do projeto A Comiss\u00e3o de Constitui\u00e7\u00e3o e Justi\u00e7a e de Cidadania (CCJ) da C\u00e2mara dos Deputados aprovou proposta pela qual os padr\u00f5es de seguran\u00e7a e de sa\u00fade dos motoristas profissionais dever\u00e3o seguir exclusivamente as especifica\u00e7\u00f5es dos fabricantes dos ve\u00edculos, conforme homologado pela autoridade competente. [&hellip;]<\/p>\n","protected":false},"author":0,"featured_media":0,"comment_status":"open","ping_status":"open","sticky":false,"template":"","format":"standard","meta":{"footnotes":""},"categories":[1],"tags":[],"_links":{"self":[{"href":"https:\/\/jeffersonisac.adv.br\/index.php\/wp-json\/wp\/v2\/posts\/15541"}],"collection":[{"href":"https:\/\/jeffersonisac.adv.br\/index.php\/wp-json\/wp\/v2\/posts"}],"about":[{"href":"https:\/\/jeffersonisac.adv.br\/index.php\/wp-json\/wp\/v2\/types\/post"}],"replies":[{"embeddable":true,"href":"https:\/\/jeffersonisac.adv.br\/index.php\/wp-json\/wp\/v2\/comments?post=15541"}],"version-history":[{"count":0,"href":"https:\/\/jeffersonisac.adv.br\/index.php\/wp-json\/wp\/v2\/posts\/15541\/revisions"}],"wp:attachment":[{"href":"https:\/\/jeffersonisac.adv.br\/index.php\/wp-json\/wp\/v2\/media?parent=15541"}],"wp:term":[{"taxonomy":"category","embeddable":true,"href":"https:\/\/jeffersonisac.adv.br\/index.php\/wp-json\/wp\/v2\/categories?post=15541"},{"taxonomy":"post_tag","embeddable":true,"href":"https:\/\/jeffersonisac.adv.br\/index.php\/wp-json\/wp\/v2\/tags?post=15541"}],"curies":[{"name":"wp","href":"https:\/\/api.w.org\/{rel}","templated":true}]}}