{"id":15542,"date":"2026-02-25T15:30:00","date_gmt":"2026-02-25T18:30:00","guid":{"rendered":"https:\/\/jeffersonisac.adv.br\/index.php\/2026\/02\/25\/comissao-aprova-projeto-que-proibe-circunstancia-atenuante-em-crimes-de-violencia-sexual\/"},"modified":"2026-02-25T15:30:00","modified_gmt":"2026-02-25T18:30:00","slug":"comissao-aprova-projeto-que-proibe-circunstancia-atenuante-em-crimes-de-violencia-sexual","status":"publish","type":"post","link":"https:\/\/jeffersonisac.adv.br\/index.php\/2026\/02\/25\/comissao-aprova-projeto-que-proibe-circunstancia-atenuante-em-crimes-de-violencia-sexual\/","title":{"rendered":"Comiss\u00e3o aprova projeto que pro\u00edbe circunst\u00e2ncia atenuante em crimes de viol\u00eancia sexual"},"content":{"rendered":"<div class=\"image-container\">\n<div class=\"midia-creditos\"><em>Vinicius Loures\/C\u00e2mara dos Deputados<\/em><\/div>\n<div class=\"media-wrapper\"><\/div>\n<div class=\"midia-legenda\">Ricardo Ayres: o tratamento penal dos crimes sexuais deve ser medida abrangente<\/div>\n<\/div>\n<p>A Comiss\u00e3o de Constitui\u00e7\u00e3o e Justi\u00e7a e de Cidadania (CCJ) da C\u00e2mara dos Deputados aprovou projeto de lei que pro\u00edbe a redu\u00e7\u00e3o do prazo de prescri\u00e7\u00e3o e a aplica\u00e7\u00e3o de atenuantes de pena em crimes de viol\u00eancia sexual.<\/p>\n<p>O texto aprovado \u00e9 a vers\u00e3o (<span class=\"termoGlossario\">substitutivo<\/span>) do relator, deputado Ricardo Ayres (Republicanos-TO), para o <a class=\"linkProposicao\" href=\"https:\/\/www.camara.leg.br\/noticias\/1247552-projeto-amplia-a-proibicao-de-circunstancia-atenuante-em-crimes-de-violencia-sexual\">Projeto de Lei 3832\/25<\/a>, da deputada Laura Carneiro (PSD-RJ). \u201cO tratamento penal dos crimes sexuais deve ser medida abrangente, alcan\u00e7ando qualquer v\u00edtima, independentemente de sexo, idade ou condi\u00e7\u00e3o\u201d, disse Ayres.<\/p>\n<p>O substitutivo altera o <a href=\"https:\/\/www2.camara.leg.br\/legin\/fed\/declei\/1940-1949\/decreto-lei-2848-7-dezembro-1940-412868-norma-pe.html\">C\u00f3digo Penal<\/a>, generalizando a proibi\u00e7\u00e3o. O projeto original de Laura Carneiro previa o fim desse abrandamento de pena especificamente para crimes sexuais cometidos contra homens, crian\u00e7as e adolescentes.<\/p>\n<p>Segundo Laura Carneiro, o objetivo \u00e9 aperfei\u00e7oar a <a class=\"linkLegislacao\" href=\"https:\/\/www2.camara.gov.br\/legin\/fed\/lei\/2025\/lei-15160-3-julho-2025-797687-norma-pl.html\">Lei 15.160\/25<\/a>. Oriunda de iniciativa anterior da parlamentar, a lei hoje estabelece as veda\u00e7\u00f5es apenas para casos de viol\u00eancia contra a mulher.<\/p>\n<p>A mudan\u00e7a busca assegurar que os agressores cumpram penas integrais. Pela regra atual, nos casos em que as v\u00edtimas s\u00e3o crian\u00e7as, adolescentes ou homens, a pena \u00e9 atenuada e a prescri\u00e7\u00e3o cai pela metade se o agente for menor de 21 anos na data do fato ou maior de 70 anos na data da senten\u00e7a.<\/p>\n<p>\u201cA Lei 15.160\/25 recebeu cr\u00edticas por deixar de incluir nas veda\u00e7\u00f5es outras v\u00edtimas de crimes sexuais, o que poderia gerar distor\u00e7\u00f5es e iniquidades na aplica\u00e7\u00e3o\u201d, afirmou a deputada na justificativa que acompanha a vers\u00e3o original.<\/p>\n<p><strong>Pr\u00f3ximos passos<\/strong><br \/>\nO projeto seguir\u00e1 agora para a an\u00e1lise do Plen\u00e1rio. Para virar lei, ter\u00e1 de ser aprovado pela C\u00e2mara e pelo Senado.<\/p>\n<p><a href=\"https:\/\/www.camara.leg.br\/noticias\/573454-SAIBA-MAIS-SOBRE-A-TRAMITACAO-DE-PROJETOS-DE-LEI\">Saiba mais sobre a tramita\u00e7\u00e3o de projetos de lei<\/a><\/p>","protected":false},"excerpt":{"rendered":"<p>Vinicius Loures\/C\u00e2mara dos Deputados Ricardo Ayres: o tratamento penal dos crimes sexuais deve ser medida abrangente A Comiss\u00e3o de Constitui\u00e7\u00e3o e Justi\u00e7a e de Cidadania (CCJ) da C\u00e2mara dos Deputados aprovou projeto de lei que pro\u00edbe a redu\u00e7\u00e3o do prazo de prescri\u00e7\u00e3o e a aplica\u00e7\u00e3o de atenuantes de pena em crimes de viol\u00eancia sexual. O [&hellip;]<\/p>\n","protected":false},"author":0,"featured_media":0,"comment_status":"open","ping_status":"open","sticky":false,"template":"","format":"standard","meta":{"footnotes":""},"categories":[1],"tags":[],"_links":{"self":[{"href":"https:\/\/jeffersonisac.adv.br\/index.php\/wp-json\/wp\/v2\/posts\/15542"}],"collection":[{"href":"https:\/\/jeffersonisac.adv.br\/index.php\/wp-json\/wp\/v2\/posts"}],"about":[{"href":"https:\/\/jeffersonisac.adv.br\/index.php\/wp-json\/wp\/v2\/types\/post"}],"replies":[{"embeddable":true,"href":"https:\/\/jeffersonisac.adv.br\/index.php\/wp-json\/wp\/v2\/comments?post=15542"}],"version-history":[{"count":0,"href":"https:\/\/jeffersonisac.adv.br\/index.php\/wp-json\/wp\/v2\/posts\/15542\/revisions"}],"wp:attachment":[{"href":"https:\/\/jeffersonisac.adv.br\/index.php\/wp-json\/wp\/v2\/media?parent=15542"}],"wp:term":[{"taxonomy":"category","embeddable":true,"href":"https:\/\/jeffersonisac.adv.br\/index.php\/wp-json\/wp\/v2\/categories?post=15542"},{"taxonomy":"post_tag","embeddable":true,"href":"https:\/\/jeffersonisac.adv.br\/index.php\/wp-json\/wp\/v2\/tags?post=15542"}],"curies":[{"name":"wp","href":"https:\/\/api.w.org\/{rel}","templated":true}]}}