{"id":15543,"date":"2026-02-25T17:27:18","date_gmt":"2026-02-25T20:27:18","guid":{"rendered":"https:\/\/jeffersonisac.adv.br\/index.php\/2026\/02\/25\/acordo-entre-mercosul-e-uniao-europeia-tera-impacto-positivo-na-economia-brasileira-diz-relator\/"},"modified":"2026-02-25T17:27:18","modified_gmt":"2026-02-25T20:27:18","slug":"acordo-entre-mercosul-e-uniao-europeia-tera-impacto-positivo-na-economia-brasileira-diz-relator","status":"publish","type":"post","link":"https:\/\/jeffersonisac.adv.br\/index.php\/2026\/02\/25\/acordo-entre-mercosul-e-uniao-europeia-tera-impacto-positivo-na-economia-brasileira-diz-relator\/","title":{"rendered":"Acordo entre Mercosul e Uni\u00e3o Europeia ter\u00e1 impacto positivo na economia brasileira, diz relator"},"content":{"rendered":"<div class=\"image-container\">\n<div class=\"midia-creditos\"><em>Bruno Spada\/C\u00e2mara dos Deputados<\/em><\/div>\n<div class=\"media-wrapper\"><\/div>\n<div class=\"midia-legenda\">Marcos Pereira apresenta parecer sobre o acordo em Plen\u00e1rio<\/div>\n<\/div>\n<p>O relator do acordo do <span class=\"termoGlossario\">Mercosul<\/span> com a Uni\u00e3o Europeia, deputado Marcos Pereira (Republicanos-SP), defendeu a aprova\u00e7\u00e3o do texto que, segundo ele, \u00e9 uma decis\u00e3o n\u00e3o s\u00f3 comercial, mas sobre o futuro econ\u00f4mico do Brasil. &#8220;N\u00e3o vamos votar apenas um texto. Vamos votar qual ser\u00e1 o tamanho do Brasil no mundo&#8221;, declarou.<\/p>\n<p>Marcos Pereira lembrou que o texto foi assinado em janeiro, ap\u00f3s mais de 25 anos de negocia\u00e7\u00f5es entre os blocos econ\u00f4micos. &#8220;As tratativas foram lan\u00e7adas ainda em 1999 e atravessaram diferentes governos at\u00e9 que se chegasse a um acordo pol\u00edtico em 2019 e a retomada decisiva da negocia\u00e7\u00e3o de aspectos essenciais do acordo em 2023. Foi um longo percurso que perpassa diferentes \u00e9pocas e governos. O que mostra que uma pol\u00edtica de Estado dessa magnitude n\u00e3o se constr\u00f3i da noite para o dia&#8221;, afirmou.<\/p>\n<p>O acordo prev\u00ea que os blocos eliminem ou reduzam as tarifas de importa\u00e7\u00e3o e exporta\u00e7\u00e3o. Juntos, Mercosul e Uni\u00e3o Europeia re\u00fanem 718 milh\u00f5es de pessoas e um Produto Interno Bruto (<span class=\"termoGlossario\">PIB<\/span>) estimado em 22,4 trilh\u00f5es de d\u00f3lares (aproximadamente, R$ 116 trilh\u00f5es).<\/p>\n<p>Pelo texto, a Uni\u00e3o Europeia se compromete a eliminar tarifas de importa\u00e7\u00e3o sobre aproximadamente 95% dos bens, que representam 92% do valor das importa\u00e7\u00f5es europeias de bens brasileiros em at\u00e9 12 anos.<\/p>\n<p>De acordo com Pereira, o Brasil reafirma os princ\u00edpios que regem as rela\u00e7\u00f5es internacionais do pa\u00eds em um contexto internacional em que o di\u00e1logo e a coopera\u00e7\u00e3o perdem espa\u00e7o para as solu\u00e7\u00f5es de for\u00e7a. &#8220;Acreditamos na defesa da paz e escolhemos a via do di\u00e1logo qualificado para reafirmar nossa independ\u00eancia nacional, a igualdade entre os Estados e a promo\u00e7\u00e3o da coopera\u00e7\u00e3o entre os povos para o progresso da humanidade&#8221;, disse.<\/p>\n<p><strong>Compras p\u00fablicas<\/strong><br \/>\nO acordo institui condi\u00e7\u00f5es de tratamento iguais entre produtos brasileiros e os da Uni\u00e3o Europeia, sem deixar de considerar as necess\u00e1rias exce\u00e7\u00f5es nas compras do Sistema \u00danico de Sa\u00fade (SUS), de <span class=\"termoGlossario\">micro e pequenas empresas<\/span>, nas margens de prefer\u00eancia, nas encomendas tecnol\u00f3gicas e nas compensa\u00e7\u00f5es nas aquisi\u00e7\u00f5es.<\/p>\n<p>&#8220;Os \u00f3rg\u00e3os p\u00fablicos brasileiros poder\u00e3o operar em um ambiente internacionalizado de licita\u00e7\u00f5es, com benef\u00edcios diretos no aumento da concorr\u00eancia e na economia de recursos p\u00fablicos&#8221;, disse Pereira, que foi ministro da Ind\u00fastria, Com\u00e9rcio Exterior e Servi\u00e7os durante o governo de Michel Temer.<\/p>\n<p>Segundo o relator, a atua\u00e7\u00e3o da pasta nessa \u00e9poca foi decisiva para que o acordo &#8220;deixasse de ser apenas um projeto diplom\u00e1tico e se tornasse uma agenda econ\u00f4mica real&#8221;.<\/p>\n<p><strong>Agropecu\u00e1ria<\/strong><br \/>\nMarcos Pereira citou como &#8220;ponto de preocupa\u00e7\u00e3o&#8221; a aprova\u00e7\u00e3o de uma regulamenta\u00e7\u00e3o interna na Uni\u00e3o Europeia com salvaguardas para produtos agropecu\u00e1rios e agroindustriais com varia\u00e7\u00e3o de 5% de aumento em volume ou queda de pre\u00e7o.<\/p>\n<p>Produtos como milho e a\u00e7\u00facar bruto e carne bovina in natura tiveram varia\u00e7\u00f5es respectivas de 94,1% e 76,2% em 2025 frente a 2024. Esses produtos possivelmente ser\u00e3o logo enquadrados nos gatilhos dessa norma europeia e poder\u00e3o ter sua entrada no mercado restringida, de acordo com a Confedera\u00e7\u00e3o da Agricultura e Pecu\u00e1ria do Brasil (CNA).<\/p>\n<p>&#8220;Precisamos desenvolver medidas em di\u00e1logo com o Executivo e o Legislativo para encontrar melhores solu\u00e7\u00f5es para eventualmente ter de defender nosso setor produtivo&#8221;, afirmou Pereira. Ele defendeu a futura edi\u00e7\u00e3o de um decreto do Executivo para regulamentar salvaguardas tamb\u00e9m do lado brasileiro.<\/p>\n<p>De acordo com o deputado, j\u00e1 houve acerto com o vice-presidente da Rep\u00fablica e ministro da Ind\u00fastria e Com\u00e9rcio, Geraldo Alckmin, para envio de uma minuta do texto ainda hoje \u00e0 Casa Civil.<\/p>\n<p><strong>Mais informa\u00e7\u00f5es em instantes<\/strong><\/p>\n<p><a href=\"https:\/\/www.youtube.com\/watch?v=yiwS1BOcXps\">Assista ao vivo<\/a><\/p>\n<p>\u00a0<\/p>\n<div><\/div>\n<p>\u00a0<\/p>\n<p>\u00a0<\/p>","protected":false},"excerpt":{"rendered":"<p>Bruno Spada\/C\u00e2mara dos Deputados Marcos Pereira apresenta parecer sobre o acordo em Plen\u00e1rio O relator do acordo do Mercosul com a Uni\u00e3o Europeia, deputado Marcos Pereira (Republicanos-SP), defendeu a aprova\u00e7\u00e3o do texto que, segundo ele, \u00e9 uma decis\u00e3o n\u00e3o s\u00f3 comercial, mas sobre o futuro econ\u00f4mico do Brasil. &#8220;N\u00e3o vamos votar apenas um texto. Vamos [&hellip;]<\/p>\n","protected":false},"author":0,"featured_media":0,"comment_status":"open","ping_status":"open","sticky":false,"template":"","format":"standard","meta":{"footnotes":""},"categories":[1],"tags":[],"_links":{"self":[{"href":"https:\/\/jeffersonisac.adv.br\/index.php\/wp-json\/wp\/v2\/posts\/15543"}],"collection":[{"href":"https:\/\/jeffersonisac.adv.br\/index.php\/wp-json\/wp\/v2\/posts"}],"about":[{"href":"https:\/\/jeffersonisac.adv.br\/index.php\/wp-json\/wp\/v2\/types\/post"}],"replies":[{"embeddable":true,"href":"https:\/\/jeffersonisac.adv.br\/index.php\/wp-json\/wp\/v2\/comments?post=15543"}],"version-history":[{"count":0,"href":"https:\/\/jeffersonisac.adv.br\/index.php\/wp-json\/wp\/v2\/posts\/15543\/revisions"}],"wp:attachment":[{"href":"https:\/\/jeffersonisac.adv.br\/index.php\/wp-json\/wp\/v2\/media?parent=15543"}],"wp:term":[{"taxonomy":"category","embeddable":true,"href":"https:\/\/jeffersonisac.adv.br\/index.php\/wp-json\/wp\/v2\/categories?post=15543"},{"taxonomy":"post_tag","embeddable":true,"href":"https:\/\/jeffersonisac.adv.br\/index.php\/wp-json\/wp\/v2\/tags?post=15543"}],"curies":[{"name":"wp","href":"https:\/\/api.w.org\/{rel}","templated":true}]}}