{"id":15544,"date":"2026-02-25T17:27:18","date_gmt":"2026-02-25T20:27:18","guid":{"rendered":"https:\/\/jeffersonisac.adv.br\/index.php\/2026\/02\/25\/motta-admite-possiveis-medidas-de-protecao-ao-agro-no-acordo-entre-uniao-europeia-e-mercosul\/"},"modified":"2026-02-25T17:27:18","modified_gmt":"2026-02-25T20:27:18","slug":"motta-admite-possiveis-medidas-de-protecao-ao-agro-no-acordo-entre-uniao-europeia-e-mercosul","status":"publish","type":"post","link":"https:\/\/jeffersonisac.adv.br\/index.php\/2026\/02\/25\/motta-admite-possiveis-medidas-de-protecao-ao-agro-no-acordo-entre-uniao-europeia-e-mercosul\/","title":{"rendered":"Motta admite poss\u00edveis medidas de prote\u00e7\u00e3o ao agro no acordo entre Uni\u00e3o Europeia e Mercosul"},"content":{"rendered":"<div class=\"image-container\">\n<div class=\"midia-creditos\"><em>Marina Ramos\/Camara dos Deputados<\/em><\/div>\n<div class=\"media-wrapper\"><\/div>\n<div class=\"midia-legenda\">Alckmin (C) e Motta (D) em entrevista coletiva ap\u00f3s reuni\u00e3o<\/div>\n<\/div>\n<p>O presidente da C\u00e2mara dos Deputados, Hugo Motta (Republicanos-PB), afirmou que eventuais medidas de prote\u00e7\u00e3o ao agroneg\u00f3cio poder\u00e3o ser tomadas no \u00e2mbito do acordo entre os blocos comerciais do <span class=\"termoGlossario\">Mercosul<\/span> e da Uni\u00e3o Europeia, mas isso n\u00e3o impede a vota\u00e7\u00e3o do texto. O acordo est\u00e1 em an\u00e1lise neste momento no Plen\u00e1rio da C\u00e2mara.<\/p>\n<p>A declara\u00e7\u00e3o de Hugo Motta foi feita ap\u00f3s encontro no Pal\u00e1cio do Planalto com o vice-presidente da Rep\u00fablica, Geraldo Alckmin, para debater a vota\u00e7\u00e3o do acordo.<\/p>\n<p>Motta ressaltou que o acordo levou mais de 20 anos para ser viabilizado e que, com ele, ser\u00e1 poss\u00edvel um avan\u00e7o econ\u00f4mico das mais variadas atividades no Pa\u00eds.<\/p>\n<p>Ele reafirmou que cabe ao Congresso cumprir seu papel e aprovar o acordo. \u201cO per\u00edodo de negocia\u00e7\u00e3o foi mais que suficiente e, agora, \u00e9 hora de o Congresso confirmar o acordo comercial, como j\u00e1 foi feito em outros pa\u00edses. Ap\u00f3s a posi\u00e7\u00e3o do Congresso, as tratativas entre os pa\u00edses j\u00e1 podem ser iniciadas, e os frutos come\u00e7ar a aparecer\u201d, afirmou.<\/p>\n<p><strong>Decreto com salvaguardas<\/strong><br \/>\nO Executivo deve publicar nos pr\u00f3ximos dias um decreto que estabelece as medidas de salvaguardas para produtos agr\u00edcolas brasileiros no \u00e2mbito do acordo. Isso porque no final do ano passado o Parlamento Europeu aprovou regras mais r\u00edgidas para importa\u00e7\u00f5es agr\u00edcolas vinculadas ao acordo com o Mercosul, cujas medidas seriam acionadas se importa\u00e7\u00f5es em grande volume causarem ou amea\u00e7arem preju\u00edzo grave aos produtores europeus.<\/p>\n<p>O setor quer que essas salvaguardas sejam assumidas tamb\u00e9m pelo governo brasileiro.<\/p>\n<p><strong>PEC da Seguran\u00e7a<\/strong><br \/>\nMotta tamb\u00e9m afirmou nesta quarta que a PEC da Seguran\u00e7a P\u00fablica ser\u00e1 votada na pr\u00f3xima semana na comiss\u00e3o especial e no Plen\u00e1rio. A previs\u00e3o \u00e9 que os parlamentares votem a proposta na pr\u00f3xima quarta-feira (4).<\/p>\n<p>\u00a0<\/p>\n<div><\/div>\n<p>\u00a0<\/p>","protected":false},"excerpt":{"rendered":"<p>Marina Ramos\/Camara dos Deputados Alckmin (C) e Motta (D) em entrevista coletiva ap\u00f3s reuni\u00e3o O presidente da C\u00e2mara dos Deputados, Hugo Motta (Republicanos-PB), afirmou que eventuais medidas de prote\u00e7\u00e3o ao agroneg\u00f3cio poder\u00e3o ser tomadas no \u00e2mbito do acordo entre os blocos comerciais do Mercosul e da Uni\u00e3o Europeia, mas isso n\u00e3o impede a vota\u00e7\u00e3o do [&hellip;]<\/p>\n","protected":false},"author":0,"featured_media":0,"comment_status":"open","ping_status":"open","sticky":false,"template":"","format":"standard","meta":{"footnotes":""},"categories":[1],"tags":[],"_links":{"self":[{"href":"https:\/\/jeffersonisac.adv.br\/index.php\/wp-json\/wp\/v2\/posts\/15544"}],"collection":[{"href":"https:\/\/jeffersonisac.adv.br\/index.php\/wp-json\/wp\/v2\/posts"}],"about":[{"href":"https:\/\/jeffersonisac.adv.br\/index.php\/wp-json\/wp\/v2\/types\/post"}],"replies":[{"embeddable":true,"href":"https:\/\/jeffersonisac.adv.br\/index.php\/wp-json\/wp\/v2\/comments?post=15544"}],"version-history":[{"count":0,"href":"https:\/\/jeffersonisac.adv.br\/index.php\/wp-json\/wp\/v2\/posts\/15544\/revisions"}],"wp:attachment":[{"href":"https:\/\/jeffersonisac.adv.br\/index.php\/wp-json\/wp\/v2\/media?parent=15544"}],"wp:term":[{"taxonomy":"category","embeddable":true,"href":"https:\/\/jeffersonisac.adv.br\/index.php\/wp-json\/wp\/v2\/categories?post=15544"},{"taxonomy":"post_tag","embeddable":true,"href":"https:\/\/jeffersonisac.adv.br\/index.php\/wp-json\/wp\/v2\/tags?post=15544"}],"curies":[{"name":"wp","href":"https:\/\/api.w.org\/{rel}","templated":true}]}}