{"id":15545,"date":"2026-02-25T17:27:18","date_gmt":"2026-02-25T20:27:18","guid":{"rendered":"https:\/\/jeffersonisac.adv.br\/index.php\/2026\/02\/25\/deputados-analisam-acordo-de-comercio-entre-mercosul-e-uniao-europeia-acompanhe\/"},"modified":"2026-02-25T17:27:18","modified_gmt":"2026-02-25T20:27:18","slug":"deputados-analisam-acordo-de-comercio-entre-mercosul-e-uniao-europeia-acompanhe","status":"publish","type":"post","link":"https:\/\/jeffersonisac.adv.br\/index.php\/2026\/02\/25\/deputados-analisam-acordo-de-comercio-entre-mercosul-e-uniao-europeia-acompanhe\/","title":{"rendered":"Deputados analisam acordo de com\u00e9rcio entre Mercosul e Uni\u00e3o Europeia; acompanhe"},"content":{"rendered":"<div class=\"image-container\">\n<div class=\"midia-creditos\"><em>Bruno Spada\/C\u00e2mara dos Deputados<\/em><\/div>\n<div class=\"media-wrapper\"><\/div>\n<div class=\"midia-legenda\">Presidente da C\u00e2mara, Hugo Motta, comanda a sess\u00e3o do Plen\u00e1rio<\/div>\n<\/div>\n<p>A C\u00e2mara dos Deputados iniciou a <span class=\"termoGlossario\">Ordem do Dia<\/span> do Plen\u00e1rio e analisa agora o acordo provis\u00f3rio de com\u00e9rcio <span class=\"termoGlossario\">Mercosul<\/span>-Uni\u00e3o Europeia, com previs\u00e3o de redu\u00e7\u00e3o de tarifas de importa\u00e7\u00e3o para diversos setores dentro de um cronograma de desonera\u00e7\u00e3o de at\u00e9 18 anos para certos produtos.<\/p>\n<p>J\u00e1 aprovado pela Representa\u00e7\u00e3o Brasileira no Parlamento do Mercosul, o Projeto de Decreto Legislativo (PDL) 41\/26 \u00e9 relatado em Plen\u00e1rio pelo deputado Marcos Pereira (Republicanos-SP).<\/p>\n<p>O acordo provis\u00f3rio (ITA, na sigla em ingl\u00eas) foi assinado em janeiro deste ano pelas partes juntamente com o acordo mais global, que incorpora a parte comercial (ITA) mais as partes pol\u00edtica e de coopera\u00e7\u00e3o.<\/p>\n<p>Em raz\u00e3o de as normas da Uni\u00e3o Europeia exigirem que o acordo completo seja referendado pelos Parlamentos de todos os atuais 27 Estados-membros, deu-se prefer\u00eancia apenas \u00e0 parte comercial, que precisa do aval somente do Parlamento Europeu.<\/p>\n<p>Mas o Parlamento Europeu remeteu o texto \u00e0 Justi\u00e7a da Uni\u00e3o Europeia, que poder\u00e1 demorar at\u00e9 dois anos para avaliar a legalidade do acordo. Fran\u00e7a, Hungria, \u00c1ustria e Irlanda foram contra o texto, em uma vota\u00e7\u00e3o com 334 votos favor\u00e1veis \u00e0 an\u00e1lise jur\u00eddica e 324 contr\u00e1rios a ela.<\/p>\n<p>Mesmo assim, a Comiss\u00e3o Europeia acredita que pode dar in\u00edcio \u00e0 vig\u00eancia se, ao menos, um pa\u00eds do Mercosul referendar o texto.<\/p>\n<p><strong>Mais informa\u00e7\u00f5es em instantes<\/strong><\/p>\n<p><a href=\"https:\/\/www.youtube.com\/watch?v=yiwS1BOcXps\">Assista ao vivo<\/a><\/p>\n<p>\u00a0<\/p>\n<div><\/div>\n<p>\u00a0<\/p>\n<p>\u00a0<\/p>","protected":false},"excerpt":{"rendered":"<p>Bruno Spada\/C\u00e2mara dos Deputados Presidente da C\u00e2mara, Hugo Motta, comanda a sess\u00e3o do Plen\u00e1rio A C\u00e2mara dos Deputados iniciou a Ordem do Dia do Plen\u00e1rio e analisa agora o acordo provis\u00f3rio de com\u00e9rcio Mercosul-Uni\u00e3o Europeia, com previs\u00e3o de redu\u00e7\u00e3o de tarifas de importa\u00e7\u00e3o para diversos setores dentro de um cronograma de desonera\u00e7\u00e3o de at\u00e9 18 [&hellip;]<\/p>\n","protected":false},"author":0,"featured_media":0,"comment_status":"open","ping_status":"open","sticky":false,"template":"","format":"standard","meta":{"footnotes":""},"categories":[1],"tags":[],"_links":{"self":[{"href":"https:\/\/jeffersonisac.adv.br\/index.php\/wp-json\/wp\/v2\/posts\/15545"}],"collection":[{"href":"https:\/\/jeffersonisac.adv.br\/index.php\/wp-json\/wp\/v2\/posts"}],"about":[{"href":"https:\/\/jeffersonisac.adv.br\/index.php\/wp-json\/wp\/v2\/types\/post"}],"replies":[{"embeddable":true,"href":"https:\/\/jeffersonisac.adv.br\/index.php\/wp-json\/wp\/v2\/comments?post=15545"}],"version-history":[{"count":0,"href":"https:\/\/jeffersonisac.adv.br\/index.php\/wp-json\/wp\/v2\/posts\/15545\/revisions"}],"wp:attachment":[{"href":"https:\/\/jeffersonisac.adv.br\/index.php\/wp-json\/wp\/v2\/media?parent=15545"}],"wp:term":[{"taxonomy":"category","embeddable":true,"href":"https:\/\/jeffersonisac.adv.br\/index.php\/wp-json\/wp\/v2\/categories?post=15545"},{"taxonomy":"post_tag","embeddable":true,"href":"https:\/\/jeffersonisac.adv.br\/index.php\/wp-json\/wp\/v2\/tags?post=15545"}],"curies":[{"name":"wp","href":"https:\/\/api.w.org\/{rel}","templated":true}]}}