{"id":15546,"date":"2026-02-25T17:27:18","date_gmt":"2026-02-25T20:27:18","guid":{"rendered":"https:\/\/jeffersonisac.adv.br\/index.php\/2026\/02\/25\/comissao-aprova-inclusao-da-policia-penal-no-fundo-constitucional-do-df\/"},"modified":"2026-02-25T17:27:18","modified_gmt":"2026-02-25T20:27:18","slug":"comissao-aprova-inclusao-da-policia-penal-no-fundo-constitucional-do-df","status":"publish","type":"post","link":"https:\/\/jeffersonisac.adv.br\/index.php\/2026\/02\/25\/comissao-aprova-inclusao-da-policia-penal-no-fundo-constitucional-do-df\/","title":{"rendered":"Comiss\u00e3o aprova inclus\u00e3o da Pol\u00edcia Penal no Fundo Constitucional do DF"},"content":{"rendered":"<div class=\"image-container\">\n<div class=\"midia-creditos\"><em>Renato Ara\u00fajo \/ C\u00e2mara dos Deputados<\/em><\/div>\n<div class=\"media-wrapper\"><\/div>\n<div class=\"midia-legenda\">Alberto Neto: inclus\u00e3o reconhece a essencialidade da categoria<\/div>\n<\/div>\n<p>A Comiss\u00e3o de Seguran\u00e7a P\u00fablica da C\u00e2mara dos Deputados aprovou o Projeto de Lei 3206\/25, que inclui a Pol\u00edcia Penal do Distrito Federal como benefici\u00e1ria do Fundo Constitucional do DF (FCDF).<\/p>\n<p>A proposta, do deputado Fred Linhares (Republicanos-DF), busca garantir que a categoria tenha sua folha de pagamento custeada com recursos do Tesouro Nacional, assim como j\u00e1 ocorre com a Pol\u00edcia Civil, a Pol\u00edcia Militar e o Corpo de Bombeiros Militar do DF.<\/p>\n<p>Os parlamentares acolheram o parecer do relator, deputado Capit\u00e3o Alberto Neto (PL-AM), pela aprova\u00e7\u00e3o da medida. Ele afirmou que o projeto \u00e9 de \u201cineg\u00e1vel relev\u00e2ncia para o aprimoramento do sistema securit\u00e1rio do Distrito Federal\u201d.<\/p>\n<p>\u201cA inclus\u00e3o \u00e9 n\u00e3o apenas justa e necess\u00e1ria, mas tamb\u00e9m reconhece a essencialidade da categoria\u201d, acrescentou.<\/p>\n<p>O relat\u00f3rio destaca que a mudan\u00e7a busca alinhar a legisla\u00e7\u00e3o \u00e0 Constitui\u00e7\u00e3o, que desde 2019 reconhece a Pol\u00edcia Penal como \u00f3rg\u00e3o de seguran\u00e7a p\u00fablica. Para o relator, portanto, a proposta corrige a omiss\u00e3o na <a class=\"linkLegislacao\" href=\"https:\/\/www2.camara.gov.br\/legin\/fed\/lei\/2002\/lei-10633-27-dezembro-2002-493096-norma-pl.html\">Lei 10.633\/02<\/a>, que instituiu o FCDF.<\/p>\n<p><strong>Investimentos<\/strong><br \/>\nDados citados no relat\u00f3rio indicam que, em 2024, o Distrito Federal operava com um d\u00e9ficit de mais de mil policiais penais e uma taxa de ocupa\u00e7\u00e3o carcer\u00e1ria 70% acima do limite de vagas.<\/p>\n<p>A destina\u00e7\u00e3o de recursos do Fundo Constitucional \u00e9 vista pelo relator como um \u201cinvestimento estrat\u00e9gico em pol\u00edticas de seguran\u00e7a p\u00fablica de longo prazo\u201d. Ele disse que o financiamento adequado permitir\u00e1 melhorias como:<\/p>\n<p>compra de tecnologias como <em>scanners<\/em> corporais e drones;<br \/>\nrealiza\u00e7\u00e3o de obras para reduzir a superlota\u00e7\u00e3o;<br \/>\nespecializa\u00e7\u00e3o de servidores em \u00e1reas de intelig\u00eancia e combate ao crime organizado; e<br \/>\namplia\u00e7\u00e3o de projetos de educa\u00e7\u00e3o e trabalho para os detentos.<\/p>\n<p><strong>Pr\u00f3ximos passos<\/strong><br \/>\nA proposta ainda ser\u00e1 analisada pelas comiss\u00f5es de Finan\u00e7as e Tributa\u00e7\u00e3o; e de Constitui\u00e7\u00e3o e Justi\u00e7a e de Cidadania, em <span class=\"termoGlossario\">car\u00e1ter conclusivo<\/span>.<\/p>\n<p>Para virar lei, precisa ser aprovada pela C\u00e2mara e pelo Senado.<\/p>\n<p><a href=\"https:\/\/www.camara.leg.br\/noticias\/573454-SAIBA-MAIS-SOBRE-A-TRAMITACAO-DE-PROJETOS-DE-LEI\">Saiba mais sobre a tramita\u00e7\u00e3o de projetos de lei<\/a><\/p>","protected":false},"excerpt":{"rendered":"<p>Renato Ara\u00fajo \/ C\u00e2mara dos Deputados Alberto Neto: inclus\u00e3o reconhece a essencialidade da categoria A Comiss\u00e3o de Seguran\u00e7a P\u00fablica da C\u00e2mara dos Deputados aprovou o Projeto de Lei 3206\/25, que inclui a Pol\u00edcia Penal do Distrito Federal como benefici\u00e1ria do Fundo Constitucional do DF (FCDF). A proposta, do deputado Fred Linhares (Republicanos-DF), busca garantir que [&hellip;]<\/p>\n","protected":false},"author":0,"featured_media":0,"comment_status":"open","ping_status":"open","sticky":false,"template":"","format":"standard","meta":{"footnotes":""},"categories":[1],"tags":[],"_links":{"self":[{"href":"https:\/\/jeffersonisac.adv.br\/index.php\/wp-json\/wp\/v2\/posts\/15546"}],"collection":[{"href":"https:\/\/jeffersonisac.adv.br\/index.php\/wp-json\/wp\/v2\/posts"}],"about":[{"href":"https:\/\/jeffersonisac.adv.br\/index.php\/wp-json\/wp\/v2\/types\/post"}],"replies":[{"embeddable":true,"href":"https:\/\/jeffersonisac.adv.br\/index.php\/wp-json\/wp\/v2\/comments?post=15546"}],"version-history":[{"count":0,"href":"https:\/\/jeffersonisac.adv.br\/index.php\/wp-json\/wp\/v2\/posts\/15546\/revisions"}],"wp:attachment":[{"href":"https:\/\/jeffersonisac.adv.br\/index.php\/wp-json\/wp\/v2\/media?parent=15546"}],"wp:term":[{"taxonomy":"category","embeddable":true,"href":"https:\/\/jeffersonisac.adv.br\/index.php\/wp-json\/wp\/v2\/categories?post=15546"},{"taxonomy":"post_tag","embeddable":true,"href":"https:\/\/jeffersonisac.adv.br\/index.php\/wp-json\/wp\/v2\/tags?post=15546"}],"curies":[{"name":"wp","href":"https:\/\/api.w.org\/{rel}","templated":true}]}}