{"id":15548,"date":"2026-02-25T18:31:23","date_gmt":"2026-02-25T21:31:23","guid":{"rendered":"https:\/\/jeffersonisac.adv.br\/index.php\/2026\/02\/25\/comissao-repudia-decisoes-que-relativizam-estupro-de-vulneravel\/"},"modified":"2026-02-25T18:31:23","modified_gmt":"2026-02-25T21:31:23","slug":"comissao-repudia-decisoes-que-relativizam-estupro-de-vulneravel","status":"publish","type":"post","link":"https:\/\/jeffersonisac.adv.br\/index.php\/2026\/02\/25\/comissao-repudia-decisoes-que-relativizam-estupro-de-vulneravel\/","title":{"rendered":"Comiss\u00e3o repudia decis\u00f5es que relativizam estupro de vulner\u00e1vel"},"content":{"rendered":"<div class=\"image-container\">\n<div class=\"midia-creditos\"><em>Jefferson Rudy\/Ag\u00eancia Senado<\/em><\/div>\n<div class=\"media-wrapper\"><\/div>\n<div class=\"midia-legenda\">Reuni\u00e3o da Comiss\u00e3o Permanente Mista de Combate \u00e0 Viol\u00eancia contra a Mulher<\/div>\n<\/div>\n<p>A Comiss\u00e3o Permanente Mista de Combate \u00e0 Viol\u00eancia contra a Mulher aprovou, nesta quarta-feira (25), uma <a href=\"https:\/\/legis.senado.leg.br\/atividade\/comissoes\/comissao\/1774\/#tab-comunicados\">nota oficial de rep\u00fadio<\/a> \u00e0 relativiza\u00e7\u00e3o do crime de estupro de vulner\u00e1vel. O documento reage a decis\u00f5es judiciais que utilizam argumentos como &#8220;v\u00ednculo afetivo&#8221; ou &#8220;forma\u00e7\u00e3o de n\u00facleo familiar&#8221; para absolver agressores de crian\u00e7as e adolescentes.<\/p>\n<p>A nota foi motivada por decis\u00e3o da 9\u00aa C\u00e2mara Criminal do Tribunal de Justi\u00e7a de Minas Gerais, que absolveu um homem de 35 anos acusado de estupro de vulner\u00e1vel contra uma menina de 12 anos, sob o argumento de \u201cv\u00ednculo afetivo consensual\u201d.<\/p>\n<p>A nota baseia-se no Art. 217-A do C\u00f3digo Penal e na S\u00famula 593 do Superior Tribunal de Justi\u00e7a (STJ). Segundo o texto, a conjun\u00e7\u00e3o carnal com menores de 14 anos configura crime, independentemente de suposto consentimento da v\u00edtima ou de sua experi\u00eancia sexual anterior.<\/p>\n<p>&#8220;Pedofilia n\u00e3o \u00e9 casamento; relacionamento com vulner\u00e1vel \u00e9 estupro de vulner\u00e1vel&#8221;, destaca o documento da comiss\u00e3o. O texto refor\u00e7a que a prote\u00e7\u00e3o integral \u00e0 crian\u00e7a \u00e9 garantida pela Constitui\u00e7\u00e3o Federal e pelo Estatuto da Crian\u00e7a e do Adolescente (ECA).<\/p>\n<div class=\"image-container\">\n<div class=\"midia-creditos\"><em>Jefferson Rudy\/Ag\u00eancia Senado<\/em><\/div>\n<div class=\"media-wrapper\"><\/div>\n<div class=\"midia-legenda\">Deputada Ana Paula Le\u00e3o, autora de projeto que cria o programa Casa Segura<\/div>\n<\/div>\n<p><strong>Recorde de feminic\u00eddios<\/strong><br \/>\nDurante a reuni\u00e3o, a deputada Ana Paula Le\u00e3o (PP-MG) alertou para a gravidade dos n\u00fameros da viol\u00eancia de g\u00eanero. Segundo a parlamentar, o Brasil registrou recordes em 2025, com m\u00e9dia de seis mulheres mortas por dia.<\/p>\n<p>&#8220;\u00c9 inadmiss\u00edvel que a gente conviva com quase seis mulheres mortas por dia no Brasil. Em 75% dos casos, o assassino faz ou fez parte do c\u00edrculo de intimidade da v\u00edtima&#8221;, afirmou a deputada.<\/p>\n<p>Ela citou casos recentes ocorridos em Minas Gerais, como o de uma jovem de 27 anos assassinada em Araguari e o ataque a uma mulher com martelo e motosserra em Esmeraldas.<\/p>\n<p>Como resposta \u00e0 crise de seguran\u00e7a, a deputada Ana Paula Le\u00e3o destacou o PL 2977\/25, de sua autoria. O projeto cria o programa Casa Segura e o Sistema Nacional de Informa\u00e7\u00f5es sobre a Viol\u00eancia Dom\u00e9stica e Familiar (Sinavid).<\/p>\n<p><strong>Agenda de debates<\/strong><br \/>\nA reuni\u00e3o, presidida interinamente pela senadora Tereza Leit\u00e3o (PT-PE), devido \u00e0 aus\u00eancia por motivos de sa\u00fade da deputada Luiziane Lins (PT-CE), aprovou diversos requerimentos para audi\u00eancias p\u00fablicas em 2026. Entre os temas priorit\u00e1rios est\u00e3o:<\/p>\n<p>Lei do Feminic\u00eddio: discuss\u00e3o sobre a aplicabilidade da <a class=\"linkLegislacao\" href=\"https:\/\/www2.camara.gov.br\/legin\/fed\/lei\/2015\/lei-13104-9-marco-2015-780225-norma-pl.html\">Lei 13104\/15<\/a>.<br \/>\nInterseccionalidade: debate sobre viol\u00eancia contra mulheres negras e ind\u00edgenas.<br \/>\nViol\u00eancia Pol\u00edtica: discuss\u00e3o sobre o papel das mulheres nos espa\u00e7os de poder.<br \/>\nEduca\u00e7\u00e3o: implementa\u00e7\u00e3o de programas de g\u00eanero e masculinidades nas escolas.<\/p>\n<p>A comiss\u00e3o tamb\u00e9m planeja realizar semin\u00e1rios no Cear\u00e1 e em Minas Gerais para debater o enfrentamento ao feminic\u00eddio em \u00e2mbito regional.<\/p>","protected":false},"excerpt":{"rendered":"<p>Jefferson Rudy\/Ag\u00eancia Senado Reuni\u00e3o da Comiss\u00e3o Permanente Mista de Combate \u00e0 Viol\u00eancia contra a Mulher A Comiss\u00e3o Permanente Mista de Combate \u00e0 Viol\u00eancia contra a Mulher aprovou, nesta quarta-feira (25), uma nota oficial de rep\u00fadio \u00e0 relativiza\u00e7\u00e3o do crime de estupro de vulner\u00e1vel. O documento reage a decis\u00f5es judiciais que utilizam argumentos como &#8220;v\u00ednculo afetivo&#8221; [&hellip;]<\/p>\n","protected":false},"author":0,"featured_media":0,"comment_status":"open","ping_status":"open","sticky":false,"template":"","format":"standard","meta":{"footnotes":""},"categories":[1],"tags":[],"_links":{"self":[{"href":"https:\/\/jeffersonisac.adv.br\/index.php\/wp-json\/wp\/v2\/posts\/15548"}],"collection":[{"href":"https:\/\/jeffersonisac.adv.br\/index.php\/wp-json\/wp\/v2\/posts"}],"about":[{"href":"https:\/\/jeffersonisac.adv.br\/index.php\/wp-json\/wp\/v2\/types\/post"}],"replies":[{"embeddable":true,"href":"https:\/\/jeffersonisac.adv.br\/index.php\/wp-json\/wp\/v2\/comments?post=15548"}],"version-history":[{"count":0,"href":"https:\/\/jeffersonisac.adv.br\/index.php\/wp-json\/wp\/v2\/posts\/15548\/revisions"}],"wp:attachment":[{"href":"https:\/\/jeffersonisac.adv.br\/index.php\/wp-json\/wp\/v2\/media?parent=15548"}],"wp:term":[{"taxonomy":"category","embeddable":true,"href":"https:\/\/jeffersonisac.adv.br\/index.php\/wp-json\/wp\/v2\/categories?post=15548"},{"taxonomy":"post_tag","embeddable":true,"href":"https:\/\/jeffersonisac.adv.br\/index.php\/wp-json\/wp\/v2\/tags?post=15548"}],"curies":[{"name":"wp","href":"https:\/\/api.w.org\/{rel}","templated":true}]}}