{"id":15549,"date":"2026-02-25T19:33:24","date_gmt":"2026-02-25T22:33:24","guid":{"rendered":"https:\/\/jeffersonisac.adv.br\/index.php\/2026\/02\/25\/comissao-aprova-regras-para-atendimento-de-pessoas-com-transtorno-mental-em-urgencias\/"},"modified":"2026-02-25T19:33:24","modified_gmt":"2026-02-25T22:33:24","slug":"comissao-aprova-regras-para-atendimento-de-pessoas-com-transtorno-mental-em-urgencias","status":"publish","type":"post","link":"https:\/\/jeffersonisac.adv.br\/index.php\/2026\/02\/25\/comissao-aprova-regras-para-atendimento-de-pessoas-com-transtorno-mental-em-urgencias\/","title":{"rendered":"Comiss\u00e3o aprova regras para atendimento de pessoas com transtorno mental em urg\u00eancias"},"content":{"rendered":"<div class=\"image-container\">\n<div class=\"midia-creditos\"><em>Kayo Magalh\u00e3es\/C\u00e2mara dos Deputados<\/em><\/div>\n<div class=\"media-wrapper\"><\/div>\n<div class=\"midia-legenda\">Allan Garc\u00eas, relator da proposta<\/div>\n<\/div>\n<p>A Comiss\u00e3o de Seguran\u00e7a P\u00fablica da C\u00e2mara dos Deputados aprovou o Projeto de Lei 4804\/25, que estabelece diretrizes para o atendimento de pessoas com transtorno mental em situa\u00e7\u00f5es de urg\u00eancia. O objetivo \u00e9 criar normas para que os servi\u00e7os de sa\u00fade e de seguran\u00e7a p\u00fablica atuem de forma integrada nesses momentos.<\/p>\n<p>As diretrizes previstas na proposta s\u00e3o as seguintes:<\/p>\n<p>capacita\u00e7\u00e3o continuada das equipes de sa\u00fade e dos agentes de seguran\u00e7a p\u00fablica, observando t\u00e9cnicas adequadas de abordagem;<br \/>\narticula\u00e7\u00e3o entre os servi\u00e7os da Rede de Aten\u00e7\u00e3o Psicossocial (Raps) e os \u00f3rg\u00e3os de seguran\u00e7a; e<br \/>\nsuporte da Raps \u00e0s equipes dos servi\u00e7os de sa\u00fade que atuam no atendimento de urg\u00eancia.<\/p>\n<p>A proposta, do deputado Augusto Coutinho (Republicanos-PE), altera a <a href=\"https:\/\/www2.camara.leg.br\/legin\/fed\/lei\/2001\/lei-10216-6-abril-2001-364458-norma-pl.html\">Lei da Reforma Psiqui\u00e1trica<\/a>. Ao apresentar o projeto, ele justificou que, embora a lei atual proteja os direitos das pessoas com transtornos mentais, ela n\u00e3o define como os policiais e profissionais de sa\u00fade devem trabalhar juntos na pr\u00e1tica. A falta de clareza, segundo ele, pode resultar em abordagens inadequadas ou no uso desproporcional da for\u00e7a.<\/p>\n<p>O relator da mat\u00e9ria, deputado Allan Garc\u00eas (PP-MA), recomendou a aprova\u00e7\u00e3o da proposta. Ele considerou essencial adotar medidas padronizadas para assegurar uma resposta de Estado coordenada e eficiente, garantindo que a pessoa atendida seja devidamente acolhida e encaminhada para a continuidade do tratamento na rede de sa\u00fade.<\/p>\n<p>\u201cOs agentes de seguran\u00e7a p\u00fablica s\u00e3o frequentemente os primeiros a responder a chamados envolvendo pessoas em sofrimento ps\u00edquico agudo\u201d, destacou Garc\u00eas. \u201cA aus\u00eancia de um protocolo claro e de capacita\u00e7\u00e3o espec\u00edfica para essa abordagem pode resultar em desfechos tr\u00e1gicos, com a criminaliza\u00e7\u00e3o de uma condi\u00e7\u00e3o de sa\u00fade e a interrup\u00e7\u00e3o do acesso ao cuidado\u201d, completou.<\/p>\n<p><strong>Pr\u00f3ximos passos<\/strong><br \/>\nO projeto segue agora para an\u00e1lise das comiss\u00f5es de Sa\u00fade; de Finan\u00e7as e Tributa\u00e7\u00e3o; e de Constitui\u00e7\u00e3o e Justi\u00e7a e de Cidadania. Como tramita em <span class=\"termoGlossario\">car\u00e1ter conclusivo<\/span>, se for aprovado por todas as comiss\u00f5es poder\u00e1 seguir diretamente para o Senado Federal, sem precisar passar pelo Plen\u00e1rio da C\u00e2mara.<\/p>\n<p><a href=\"https:\/\/www.camara.leg.br\/noticias\/573454-SAIBA-MAIS-SOBRE-A-TRAMITACAO-DE-PROJETOS-DE-LEI\">Saiba mais sobre a tramita\u00e7\u00e3o de projetos de lei<\/a><\/p>","protected":false},"excerpt":{"rendered":"<p>Kayo Magalh\u00e3es\/C\u00e2mara dos Deputados Allan Garc\u00eas, relator da proposta A Comiss\u00e3o de Seguran\u00e7a P\u00fablica da C\u00e2mara dos Deputados aprovou o Projeto de Lei 4804\/25, que estabelece diretrizes para o atendimento de pessoas com transtorno mental em situa\u00e7\u00f5es de urg\u00eancia. O objetivo \u00e9 criar normas para que os servi\u00e7os de sa\u00fade e de seguran\u00e7a p\u00fablica atuem [&hellip;]<\/p>\n","protected":false},"author":0,"featured_media":0,"comment_status":"open","ping_status":"open","sticky":false,"template":"","format":"standard","meta":{"footnotes":""},"categories":[1],"tags":[],"_links":{"self":[{"href":"https:\/\/jeffersonisac.adv.br\/index.php\/wp-json\/wp\/v2\/posts\/15549"}],"collection":[{"href":"https:\/\/jeffersonisac.adv.br\/index.php\/wp-json\/wp\/v2\/posts"}],"about":[{"href":"https:\/\/jeffersonisac.adv.br\/index.php\/wp-json\/wp\/v2\/types\/post"}],"replies":[{"embeddable":true,"href":"https:\/\/jeffersonisac.adv.br\/index.php\/wp-json\/wp\/v2\/comments?post=15549"}],"version-history":[{"count":0,"href":"https:\/\/jeffersonisac.adv.br\/index.php\/wp-json\/wp\/v2\/posts\/15549\/revisions"}],"wp:attachment":[{"href":"https:\/\/jeffersonisac.adv.br\/index.php\/wp-json\/wp\/v2\/media?parent=15549"}],"wp:term":[{"taxonomy":"category","embeddable":true,"href":"https:\/\/jeffersonisac.adv.br\/index.php\/wp-json\/wp\/v2\/categories?post=15549"},{"taxonomy":"post_tag","embeddable":true,"href":"https:\/\/jeffersonisac.adv.br\/index.php\/wp-json\/wp\/v2\/tags?post=15549"}],"curies":[{"name":"wp","href":"https:\/\/api.w.org\/{rel}","templated":true}]}}