{"id":15551,"date":"2026-02-25T21:25:34","date_gmt":"2026-02-26T00:25:34","guid":{"rendered":"https:\/\/jeffersonisac.adv.br\/index.php\/2026\/02\/25\/camara-aprova-acordo-para-realizacao-no-brasil-de-conferencia-sobre-especies-migratorias\/"},"modified":"2026-02-25T21:25:34","modified_gmt":"2026-02-26T00:25:34","slug":"camara-aprova-acordo-para-realizacao-no-brasil-de-conferencia-sobre-especies-migratorias","status":"publish","type":"post","link":"https:\/\/jeffersonisac.adv.br\/index.php\/2026\/02\/25\/camara-aprova-acordo-para-realizacao-no-brasil-de-conferencia-sobre-especies-migratorias\/","title":{"rendered":"C\u00e2mara aprova acordo para realiza\u00e7\u00e3o no Brasil de confer\u00eancia sobre esp\u00e9cies migrat\u00f3rias"},"content":{"rendered":"<div class=\"image-container\">\n<div class=\"midia-creditos\"><em>Kayo Magalh\u00e3es\/C\u00e2mara dos Deputados<\/em><\/div>\n<div class=\"media-wrapper\"><\/div>\n<div class=\"midia-legenda\">Nilto Tatto: a COP15 projetar\u00e1 o Brasil como espa\u00e7o de coopera\u00e7\u00e3o internacional<\/div>\n<\/div>\n<p>A C\u00e2mara dos Deputados aprovou o acordo para realiza\u00e7\u00e3o, no Brasil, da 15\u00aa confer\u00eancia dos pa\u00edses participantes da Conven\u00e7\u00e3o sobre Esp\u00e9cies Migrat\u00f3rias (COP15). O evento ocorrer\u00e1 de 23 a 29 de mar\u00e7o de 2026, em Campo Grande (MS).<\/p>\n<p>O acordo tramitou na forma do Projeto de Decreto Legislativo (PDL) 50\/26, que foi votado em Plen\u00e1rio nesta quarta-feira (25) e ser\u00e1 enviado ao Senado.<\/p>\n<p>O relator da proposta, deputado Nilto Tatto (PT-SP), afirmou que a realiza\u00e7\u00e3o da confer\u00eancia projeta o Brasil como espa\u00e7o de converg\u00eancia para o di\u00e1logo t\u00e9cnico, cient\u00edfico e pol\u00edtico sobre a conserva\u00e7\u00e3o de esp\u00e9cies migrat\u00f3rias. &#8220;Esp\u00e9cies migrat\u00f3rias, por defini\u00e7\u00e3o, dependem de m\u00faltiplos ecossistemas e da coordena\u00e7\u00e3o entre Estados para que seus ciclos de vida sejam preservados, o que torna a confer\u00eancia um dos instrumentos mais emblem\u00e1ticos da governan\u00e7a ambiental global&#8221;, disse.<\/p>\n<p>Na opini\u00e3o de Tatto, ao sediar a confer\u00eancia no Pantanal, o Brasil evidencia, de forma concreta, a interdepend\u00eancia entre conserva\u00e7\u00e3o, desenvolvimento regional e coopera\u00e7\u00e3o internacional. &#8220;A realiza\u00e7\u00e3o da COP15 nesse bioma contribui para ampliar a visibilidade global de seus desafios e potencialidades, favorecendo a mobiliza\u00e7\u00e3o de parcerias t\u00e9cnicas e cient\u00edficas&#8221;, declarou.<\/p>\n<p>A CMS (na sigla em ingl\u00eas) \u00e9 patrocinada pela Organiza\u00e7\u00e3o das Na\u00e7\u00f5es Unidas (ONU) e tem como objetivo a conserva\u00e7\u00e3o e o manejo das esp\u00e9cies migrat\u00f3rias terrestres, aqu\u00e1ticas e a\u00e9reas, promovendo a coopera\u00e7\u00e3o internacional, a prote\u00e7\u00e3o de habitats cr\u00edticos, o fomento \u00e0 pesquisa, a conscientiza\u00e7\u00e3o p\u00fablica e a integra\u00e7\u00e3o entre conserva\u00e7\u00e3o e desenvolvimento sustent\u00e1vel. O acordo para realiza\u00e7\u00e3o do evento foi assinado em 21 de dezembro de 2025.<\/p>\n<p>Segundo os minist\u00e9rios das Rela\u00e7\u00f5es Exteriores e do Meio Ambiente, a organiza\u00e7\u00e3o do encontro dever\u00e1 custar ao governo federal cerca de R$ 86 milh\u00f5es, mas outros organizadores tamb\u00e9m dever\u00e3o entrar com recursos, como governo do Mato Grosso do Sul e patrocinadores, principalmente a Faculdade Latino-Americana de Ci\u00eancias Sociais (Flacso), o Fundo Global para o Meio Ambiente (GEF) e o Fundo Mundial para a Natureza (WWF).<\/p>\n<p><strong>Infraestrutura<\/strong><br \/>\nO Brasil dever\u00e1 arcar com todos os custos de realiza\u00e7\u00e3o da confer\u00eancia, segundo detalhamento que envolve o espa\u00e7o, acesso a servi\u00e7os como alimenta\u00e7\u00e3o e transporte, instala\u00e7\u00f5es m\u00e9dicas de emerg\u00eancia, seguran\u00e7a, tradu\u00e7\u00e3o simult\u00e2nea, sala de imprensa, equipamentos, equipes de apoio, etc.<\/p>\n<p>De acordo com o texto, o governo buscar\u00e1 fornecer informa\u00e7\u00f5es sobre acomoda\u00e7\u00f5es adequadas em hot\u00e9is a uma dist\u00e2ncia razo\u00e1vel das instala\u00e7\u00f5es e a pre\u00e7os comerciais razo\u00e1veis.<\/p>\n<p>Imunidades diplom\u00e1ticas e isen\u00e7\u00f5es aduaneiras tempor\u00e1rias se aplicam ainda \u00e0s equipes do secretariado que vir\u00e3o ao Brasil.<\/p>\n<p><strong>Custos de viagem<\/strong><br \/>\nPela realiza\u00e7\u00e3o do evento no pa\u00eds em vez de na sede da secretaria-executiva da conven\u00e7\u00e3o, em Bonn (Alemanha), o Brasil deve arcar inclusive com custos estimados em 581 mil d\u00f3lares (cerca de R$ 3 milh\u00f5es) com viagem e benef\u00edcios da equipe do secretariado da CMS, miss\u00f5es de planejamento, franquias de bagagem, pagamentos de subsist\u00eancia, custos de deslocamento em terminais, equipe de apoio e de seguran\u00e7a.<\/p>\n<p>O dinheiro deve ajudar ainda a pagar custos de viagem e subsist\u00eancia de representantes de pa\u00edses-parte e n\u00e3o parte em desenvolvimento.<\/p>\n<p>Durante o debate em Plen\u00e1rio, o deputado Gilson Marques (Novo-SC) criticou a destina\u00e7\u00e3o de recursos p\u00fablicos para financiar a realiza\u00e7\u00e3o do evento. &#8220;Acabaram de fazer a COP30 ano passado e o Brasil, como \u00e9 &#8216;ric\u00e3o&#8217;, vai pagar tudo&#8221;, criticou.<\/p>\n<p><a href=\"https:\/\/www.camara.leg.br\/noticias\/606437-conheca-a-tramitacao-de-projetos-de-decreto-legislativo\/\">Conhe\u00e7a a tramita\u00e7\u00e3o de projetos de decreto legislativo<\/a><\/p>","protected":false},"excerpt":{"rendered":"<p>Kayo Magalh\u00e3es\/C\u00e2mara dos Deputados Nilto Tatto: a COP15 projetar\u00e1 o Brasil como espa\u00e7o de coopera\u00e7\u00e3o internacional A C\u00e2mara dos Deputados aprovou o acordo para realiza\u00e7\u00e3o, no Brasil, da 15\u00aa confer\u00eancia dos pa\u00edses participantes da Conven\u00e7\u00e3o sobre Esp\u00e9cies Migrat\u00f3rias (COP15). O evento ocorrer\u00e1 de 23 a 29 de mar\u00e7o de 2026, em Campo Grande (MS). O [&hellip;]<\/p>\n","protected":false},"author":0,"featured_media":0,"comment_status":"open","ping_status":"open","sticky":false,"template":"","format":"standard","meta":{"footnotes":""},"categories":[1],"tags":[],"_links":{"self":[{"href":"https:\/\/jeffersonisac.adv.br\/index.php\/wp-json\/wp\/v2\/posts\/15551"}],"collection":[{"href":"https:\/\/jeffersonisac.adv.br\/index.php\/wp-json\/wp\/v2\/posts"}],"about":[{"href":"https:\/\/jeffersonisac.adv.br\/index.php\/wp-json\/wp\/v2\/types\/post"}],"replies":[{"embeddable":true,"href":"https:\/\/jeffersonisac.adv.br\/index.php\/wp-json\/wp\/v2\/comments?post=15551"}],"version-history":[{"count":0,"href":"https:\/\/jeffersonisac.adv.br\/index.php\/wp-json\/wp\/v2\/posts\/15551\/revisions"}],"wp:attachment":[{"href":"https:\/\/jeffersonisac.adv.br\/index.php\/wp-json\/wp\/v2\/media?parent=15551"}],"wp:term":[{"taxonomy":"category","embeddable":true,"href":"https:\/\/jeffersonisac.adv.br\/index.php\/wp-json\/wp\/v2\/categories?post=15551"},{"taxonomy":"post_tag","embeddable":true,"href":"https:\/\/jeffersonisac.adv.br\/index.php\/wp-json\/wp\/v2\/tags?post=15551"}],"curies":[{"name":"wp","href":"https:\/\/api.w.org\/{rel}","templated":true}]}}