{"id":15555,"date":"2026-02-25T21:25:34","date_gmt":"2026-02-26T00:25:34","guid":{"rendered":"https:\/\/jeffersonisac.adv.br\/index.php\/2026\/02\/25\/procuradoras-da-mulher-no-legislativo-se-reunem-na-camara-no-proximo-dia-18\/"},"modified":"2026-02-25T21:25:34","modified_gmt":"2026-02-26T00:25:34","slug":"procuradoras-da-mulher-no-legislativo-se-reunem-na-camara-no-proximo-dia-18","status":"publish","type":"post","link":"https:\/\/jeffersonisac.adv.br\/index.php\/2026\/02\/25\/procuradoras-da-mulher-no-legislativo-se-reunem-na-camara-no-proximo-dia-18\/","title":{"rendered":"Procuradoras da Mulher no Legislativo se re\u00fanem na C\u00e2mara no pr\u00f3ximo dia 18"},"content":{"rendered":"<div class=\"image-container\">\n<div class=\"midia-creditos\"><em>Pablo Valadares\/C\u00e2mara dos Deputados<\/em><\/div>\n<div class=\"media-wrapper\"><\/div>\n<div class=\"midia-legenda\">Coronel Fernanda: momento estrat\u00e9gico de alinhamento e integra\u00e7\u00e3o<\/div>\n<\/div>\n<p>No pr\u00f3ximo dia 18 de mar\u00e7o, a C\u00e2mara dos Deputados sediar\u00e1 o 6\u00ba Encontro Nacional das Procuradoras da Mulher no Legislativo, das 8h \u00e0s 18h, no audit\u00f3rio Nereu Ramos. O evento reunir\u00e1 vereadoras, deputadas estaduais, deputadas federais e senadoras que integram a Rede Nacional de Procuradoras da Mulher, iniciativa criada para fortalecer e articular a atua\u00e7\u00e3o das Procuradorias da Mulher em todo o pa\u00eds.<\/p>\n<p>Entre as lideran\u00e7as confirmadas est\u00e1 a deputada federal e procuradora da Mulher na C\u00e2mara, Coronel Fernanda (PL-MT), que tem defendido o fortalecimento institucional das procuradorias como instrumento efetivo de prote\u00e7\u00e3o e garantia de direitos. Para a parlamentar, o encontro representa um momento estrat\u00e9gico de alinhamento, integra\u00e7\u00e3o e constru\u00e7\u00e3o de a\u00e7\u00f5es concretas no enfrentamento \u00e0 viol\u00eancia contra a mulher.<\/p>\n<p><strong>Interc\u00e2mbio<\/strong><br \/>\nO 6\u00ba encontro se consolida como um espa\u00e7o de escuta qualificada, forma\u00e7\u00e3o t\u00e9cnica e interc\u00e2mbio de experi\u00eancias entre as representantes dos diferentes n\u00edveis do Legislativo. A proposta \u00e9 compartilhar boas pr\u00e1ticas, debater desafios regionais e nacionais e construir estrat\u00e9gias integradas que ampliem a efici\u00eancia das pol\u00edticas p\u00fablicas de preven\u00e7\u00e3o, prote\u00e7\u00e3o e acolhimento.<\/p>\n<p>Para Coronel Fernanda, a Rede Nacional de Procuradoras da Mulher tem desempenhado papel fundamental na consolida\u00e7\u00e3o de uma atua\u00e7\u00e3o coordenada entre munic\u00edpios, estados e Uni\u00e3o. &#8220;Ao reunir parlamentares de diversas regi\u00f5es, o encontro fortalece a articula\u00e7\u00e3o institucional e amplia a capacidade de fiscaliza\u00e7\u00e3o, proposi\u00e7\u00e3o legislativa e acompanhamento de pol\u00edticas voltadas \u00e0s mulheres&#8221;, disse.<\/p>\n<p>A deputada destaca que a viol\u00eancia contra a mulher exige respostas firmes, estruturadas e permanentes do poder p\u00fablico. \u201cInvestir na qualifica\u00e7\u00e3o das procuradoras e na integra\u00e7\u00e3o das a\u00e7\u00f5es \u00e9 essencial para garantir que as pol\u00edticas saiam do papel e alcancem quem realmente precisa e sofre\u201d, afirmou.<\/p>\n<p>As inscri\u00e7\u00f5es para o 6\u00ba Encontro Nacional das Procuradoras da Mulher est\u00e3o abertas e podem ser realizadas por meio de <a href=\"https:\/\/forms.gle\/3MD1wXs5qmkyceoS9\">formul\u00e1rio eletr\u00f4nico<\/a>.<\/p>\n<p>A expectativa \u00e9 que o evento consolide ainda mais a Rede Nacional de Procuradoras da Mulher como um dos principais instrumentos de articula\u00e7\u00e3o legislativa em defesa das mulheres brasileiras, refor\u00e7ando o compromisso do parlamento com uma atua\u00e7\u00e3o mais eficiente, integrada e transformadora.<\/p>","protected":false},"excerpt":{"rendered":"<p>Pablo Valadares\/C\u00e2mara dos Deputados Coronel Fernanda: momento estrat\u00e9gico de alinhamento e integra\u00e7\u00e3o No pr\u00f3ximo dia 18 de mar\u00e7o, a C\u00e2mara dos Deputados sediar\u00e1 o 6\u00ba Encontro Nacional das Procuradoras da Mulher no Legislativo, das 8h \u00e0s 18h, no audit\u00f3rio Nereu Ramos. O evento reunir\u00e1 vereadoras, deputadas estaduais, deputadas federais e senadoras que integram a Rede [&hellip;]<\/p>\n","protected":false},"author":0,"featured_media":0,"comment_status":"open","ping_status":"open","sticky":false,"template":"","format":"standard","meta":{"footnotes":""},"categories":[1],"tags":[],"_links":{"self":[{"href":"https:\/\/jeffersonisac.adv.br\/index.php\/wp-json\/wp\/v2\/posts\/15555"}],"collection":[{"href":"https:\/\/jeffersonisac.adv.br\/index.php\/wp-json\/wp\/v2\/posts"}],"about":[{"href":"https:\/\/jeffersonisac.adv.br\/index.php\/wp-json\/wp\/v2\/types\/post"}],"replies":[{"embeddable":true,"href":"https:\/\/jeffersonisac.adv.br\/index.php\/wp-json\/wp\/v2\/comments?post=15555"}],"version-history":[{"count":0,"href":"https:\/\/jeffersonisac.adv.br\/index.php\/wp-json\/wp\/v2\/posts\/15555\/revisions"}],"wp:attachment":[{"href":"https:\/\/jeffersonisac.adv.br\/index.php\/wp-json\/wp\/v2\/media?parent=15555"}],"wp:term":[{"taxonomy":"category","embeddable":true,"href":"https:\/\/jeffersonisac.adv.br\/index.php\/wp-json\/wp\/v2\/categories?post=15555"},{"taxonomy":"post_tag","embeddable":true,"href":"https:\/\/jeffersonisac.adv.br\/index.php\/wp-json\/wp\/v2\/tags?post=15555"}],"curies":[{"name":"wp","href":"https:\/\/api.w.org\/{rel}","templated":true}]}}