{"id":15559,"date":"2026-02-26T09:28:35","date_gmt":"2026-02-26T12:28:35","guid":{"rendered":"https:\/\/jeffersonisac.adv.br\/index.php\/2026\/02\/26\/proposta-pune-quem-pega-bem-alheio-para-uso-temporario\/"},"modified":"2026-02-26T09:28:35","modified_gmt":"2026-02-26T12:28:35","slug":"proposta-pune-quem-pega-bem-alheio-para-uso-temporario","status":"publish","type":"post","link":"https:\/\/jeffersonisac.adv.br\/index.php\/2026\/02\/26\/proposta-pune-quem-pega-bem-alheio-para-uso-temporario\/","title":{"rendered":"Proposta pune quem pega bem alheio para uso tempor\u00e1rio"},"content":{"rendered":"<div class=\"image-container\">\n<div class=\"midia-creditos\"><em>Bruno Spada \/ C\u00e2mara dos Deputados<\/em><\/div>\n<div class=\"media-wrapper\"><\/div>\n<div class=\"midia-legenda\">Plen\u00e1rio &#8211; Sess\u00e3o Deliberativa<\/div>\n<\/div>\n<p>O Projeto de Lei 6367\/25, do deputado Amom Mandel (Cidadania-AM), cria o crime de furto de uso. A proposta inclui a penalidade no <a class=\"linkLegislacao\" href=\"https:\/\/www2.camara.gov.br\/legin\/fed\/declei\/1940-1949\/decreto-lei-2848-7-dezembro-1940-412868-norma-pe.html\">C\u00f3digo Penal<\/a> e est\u00e1 em an\u00e1lise na C\u00e2mara dos Deputados.<\/p>\n<p>A proposta trata como crime subtrair coisa alheia para uso pr\u00f3prio e tempor\u00e1rio,\u00a0sem o consentimento do propriet\u00e1rio, ainda que com a inten\u00e7\u00e3o de restituir imediatamente ap\u00f3s o uso. Seria o caso, por exemplo, de uma pessoa que pega, sem permiss\u00e3o, a bicicleta do vizinho destrancada para ir ao mercado\u00a0 e depois a devolve. A pena \u00e9 de 3 meses a 1 ano de deten\u00e7\u00e3o e multa.<\/p>\n<p>Segundo Mandel, situa\u00e7\u00f5es em que uma pessoa utiliza indevidamente um bem alheio como ve\u00edculo, equipamento ou objeto, devolvendo-o posteriormente, resultam em absolvi\u00e7\u00e3o, mesmo quando h\u00e1 evidente viola\u00e7\u00e3o \u00e0 propriedade, abuso de confian\u00e7a e risco de dano. &#8220;Tais casos, embora distintos do furto comum, n\u00e3o s\u00e3o socialmente inofensivos e merecem resposta penal proporcional&#8221;, disse.<\/p>\n<p>Caso o bem seja restitu\u00eddo antes do uso, sem preju\u00edzo ao propriet\u00e1rio, n\u00e3o h\u00e1 crime. Se o criminoso causar dano ao bem ou preju\u00edzo ao propriet\u00e1rio durante o uso, a pena poder\u00e1 chegar a um ano e meio de deten\u00e7\u00e3o. Ou reduzida a dois meses de deten\u00e7\u00e3o se comprovado o justo motivo para pegar o bem.<\/p>\n<p><strong>Pr\u00f3ximos passos<\/strong><br \/>\nA proposta ser\u00e1 analisada pela Comiss\u00e3o de Constitui\u00e7\u00e3o e Justi\u00e7a e de Cidadania. Depois, seguir\u00e1 para o Plen\u00e1rio. Para virar lei, precisa ser aprovada pela C\u00e2mara e pelo Senado.<\/p>\n<p><a href=\"https:\/\/www.camara.leg.br\/noticias\/573454-SAIBA-MAIS-SOBRE-A-TRAMITACAO-DE-PROJETOS-DE-LEI\">Saiba mais sobre a tramita\u00e7\u00e3o de projetos de lei<\/a><\/p>","protected":false},"excerpt":{"rendered":"<p>Bruno Spada \/ C\u00e2mara dos Deputados Plen\u00e1rio &#8211; Sess\u00e3o Deliberativa O Projeto de Lei 6367\/25, do deputado Amom Mandel (Cidadania-AM), cria o crime de furto de uso. A proposta inclui a penalidade no C\u00f3digo Penal e est\u00e1 em an\u00e1lise na C\u00e2mara dos Deputados. A proposta trata como crime subtrair coisa alheia para uso pr\u00f3prio e [&hellip;]<\/p>\n","protected":false},"author":0,"featured_media":0,"comment_status":"open","ping_status":"open","sticky":false,"template":"","format":"standard","meta":{"footnotes":""},"categories":[1],"tags":[],"_links":{"self":[{"href":"https:\/\/jeffersonisac.adv.br\/index.php\/wp-json\/wp\/v2\/posts\/15559"}],"collection":[{"href":"https:\/\/jeffersonisac.adv.br\/index.php\/wp-json\/wp\/v2\/posts"}],"about":[{"href":"https:\/\/jeffersonisac.adv.br\/index.php\/wp-json\/wp\/v2\/types\/post"}],"replies":[{"embeddable":true,"href":"https:\/\/jeffersonisac.adv.br\/index.php\/wp-json\/wp\/v2\/comments?post=15559"}],"version-history":[{"count":0,"href":"https:\/\/jeffersonisac.adv.br\/index.php\/wp-json\/wp\/v2\/posts\/15559\/revisions"}],"wp:attachment":[{"href":"https:\/\/jeffersonisac.adv.br\/index.php\/wp-json\/wp\/v2\/media?parent=15559"}],"wp:term":[{"taxonomy":"category","embeddable":true,"href":"https:\/\/jeffersonisac.adv.br\/index.php\/wp-json\/wp\/v2\/categories?post=15559"},{"taxonomy":"post_tag","embeddable":true,"href":"https:\/\/jeffersonisac.adv.br\/index.php\/wp-json\/wp\/v2\/tags?post=15559"}],"curies":[{"name":"wp","href":"https:\/\/api.w.org\/{rel}","templated":true}]}}