{"id":15560,"date":"2026-02-26T10:32:40","date_gmt":"2026-02-26T13:32:40","guid":{"rendered":"https:\/\/jeffersonisac.adv.br\/index.php\/2026\/02\/26\/comissao-aprova-regras-para-atendimento-de-pessoas-com-deficiencia-em-concursos-publicos\/"},"modified":"2026-02-26T10:32:40","modified_gmt":"2026-02-26T13:32:40","slug":"comissao-aprova-regras-para-atendimento-de-pessoas-com-deficiencia-em-concursos-publicos","status":"publish","type":"post","link":"https:\/\/jeffersonisac.adv.br\/index.php\/2026\/02\/26\/comissao-aprova-regras-para-atendimento-de-pessoas-com-deficiencia-em-concursos-publicos\/","title":{"rendered":"Comiss\u00e3o aprova regras para atendimento de pessoas com defici\u00eancia em concursos p\u00fablicos"},"content":{"rendered":"<div class=\"image-container\">\n<div class=\"midia-creditos\"><em>Pablo Valadares \/ C\u00e2mara dos Deputados<\/em><\/div>\n<div class=\"media-wrapper\"><\/div>\n<div class=\"midia-legenda\">Andr\u00e9 Figueiredo: texto fortalece seguran\u00e7a jur\u00eddica para candidatos e o Estado<\/div>\n<\/div>\n<p>A Comiss\u00e3o de Administra\u00e7\u00e3o e Servi\u00e7o P\u00fablico da C\u00e2mara dos Deputados aprovou projeto de lei que prev\u00ea que os editais de concursos assegurem ao candidato com defici\u00eancia ou em situa\u00e7\u00e3o especial o direito de indicar as condi\u00e7\u00f5es espec\u00edficas de que necessita para realizar as provas.<\/p>\n<p>Essa solicita\u00e7\u00e3o de atendimento especializado dever\u00e1 observar os par\u00e2metros da <a href=\"https:\/\/www2.camara.leg.br\/legin\/fed\/lei\/2015\/lei-13146-6-julho-2015-781174-norma-pl.html\">Lei Brasileira de Inclus\u00e3o<\/a>.<\/p>\n<p>O texto aprovado \u00e9 um <span class=\"termoGlossario\">substitutivo<\/span> (nova vers\u00e3o) do relator, deputado Andr\u00e9 Figueiredo (PDT-CE), que atualiza a proposta original (<a class=\"linkProposicao\" href=\"https:\/\/www.camara.leg.br\/noticias\/507118-proposta-dispensa-candidato-de-comprovar-deficiencia-apos-aprovacao-em-concurso\">PL 5573\/16<\/a>) para adequ\u00e1-la \u00e0 <a href=\"https:\/\/www2.camara.leg.br\/legin\/fed\/lei\/2024\/lei-14965-9-setembro-2024-796212-norma-pl.html\">Lei Geral dos Concursos P\u00fablicos<\/a>, de 2024.<\/p>\n<p>A legisla\u00e7\u00e3o vigente j\u00e1 prev\u00ea que o edital do concurso dever\u00e1 conter as condi\u00e7\u00f5es para a realiza\u00e7\u00e3o das provas por pessoas com defici\u00eancia.<\/p>\n<p><a href=\"https:\/\/www.camara.leg.br\/proposicoesWeb\/prop_mostrarintegra?codteor=3044692&amp;filename=SBT+1+CASP+%3D%3E+PL+5573\/2016\">Confira a \u00edntegra do texto aprovado<\/a><\/p>\n<p>O projeto agora passa a prever a possibilidade de indica\u00e7\u00e3o dessas condi\u00e7\u00f5es pelo candidato.<\/p>\n<p><strong>Seguran\u00e7a jur\u00eddica<\/strong><br \/>\nO relator destacou que a nova proposta busca dar efetividade a conceitos como acessibilidade e adapta\u00e7\u00f5es razo\u00e1veis.<\/p>\n<p>\u201cO Supremo Tribunal Federal (STF) decidiu que \u00e9 inconstitucional excluir o direito a adapta\u00e7\u00f5es razo\u00e1veis em provas f\u00edsicas e impor crit\u00e9rios id\u00eanticos a candidatos com e sem defici\u00eancia sem a demonstra\u00e7\u00e3o de sua necessidade para o exerc\u00edcio do cargo\u201d, explicou Andr\u00e9 Figueiredo.<\/p>\n<p>O parlamentar disse ainda que a medida fortalece a seguran\u00e7a jur\u00eddica tanto para os candidatos, que passam a ter um procedimento claro para o exerc\u00edcio de seus direitos, quanto para a administra\u00e7\u00e3o p\u00fablica, que obt\u00e9m diretrizes objetivas para a elabora\u00e7\u00e3o dos editais.<\/p>\n<p>O projeto inicial, do deputado Marcelo \u00c1lvaro Ant\u00f4nio (PL-MG), modificava uma lei de 1989 para permitir que laudos de especialistas particulares fossem suficientes para comprovar a defici\u00eancia, dispensando a valida\u00e7\u00e3o por comiss\u00f5es dos \u00f3rg\u00e3os p\u00fablicos. Al\u00e9m disso, a proposta original buscava incluir doen\u00e7as cr\u00f4nicas, heredit\u00e1rias e autoimunes no conceito de defici\u00eancia.<\/p>\n<p><strong>Pr\u00f3ximos passos<\/strong><br \/>\nO texto tramita em <span class=\"termoGlossario\">car\u00e1ter conclusivo<\/span> e ainda ser\u00e1 analisado pelas comiss\u00f5es de Defesa dos Direitos das Pessoas com Defici\u00eancia; e de Constitui\u00e7\u00e3o e Justi\u00e7a e de Cidadania.<\/p>\n<p>Para virar lei, precisa ser aprovado pela C\u00e2mara e pelo Senado.<\/p>\n<p><a href=\"https:\/\/www.camara.leg.br\/noticias\/573454-SAIBA-MAIS-SOBRE-A-TRAMITACAO-DE-PROJETOS-DE-LEI\">Saiba mais sobre a tramita\u00e7\u00e3o de projetos de lei<\/a><\/p>","protected":false},"excerpt":{"rendered":"<p>Pablo Valadares \/ C\u00e2mara dos Deputados Andr\u00e9 Figueiredo: texto fortalece seguran\u00e7a jur\u00eddica para candidatos e o Estado A Comiss\u00e3o de Administra\u00e7\u00e3o e Servi\u00e7o P\u00fablico da C\u00e2mara dos Deputados aprovou projeto de lei que prev\u00ea que os editais de concursos assegurem ao candidato com defici\u00eancia ou em situa\u00e7\u00e3o especial o direito de indicar as condi\u00e7\u00f5es espec\u00edficas [&hellip;]<\/p>\n","protected":false},"author":0,"featured_media":0,"comment_status":"open","ping_status":"open","sticky":false,"template":"","format":"standard","meta":{"footnotes":""},"categories":[1],"tags":[],"_links":{"self":[{"href":"https:\/\/jeffersonisac.adv.br\/index.php\/wp-json\/wp\/v2\/posts\/15560"}],"collection":[{"href":"https:\/\/jeffersonisac.adv.br\/index.php\/wp-json\/wp\/v2\/posts"}],"about":[{"href":"https:\/\/jeffersonisac.adv.br\/index.php\/wp-json\/wp\/v2\/types\/post"}],"replies":[{"embeddable":true,"href":"https:\/\/jeffersonisac.adv.br\/index.php\/wp-json\/wp\/v2\/comments?post=15560"}],"version-history":[{"count":0,"href":"https:\/\/jeffersonisac.adv.br\/index.php\/wp-json\/wp\/v2\/posts\/15560\/revisions"}],"wp:attachment":[{"href":"https:\/\/jeffersonisac.adv.br\/index.php\/wp-json\/wp\/v2\/media?parent=15560"}],"wp:term":[{"taxonomy":"category","embeddable":true,"href":"https:\/\/jeffersonisac.adv.br\/index.php\/wp-json\/wp\/v2\/categories?post=15560"},{"taxonomy":"post_tag","embeddable":true,"href":"https:\/\/jeffersonisac.adv.br\/index.php\/wp-json\/wp\/v2\/tags?post=15560"}],"curies":[{"name":"wp","href":"https:\/\/api.w.org\/{rel}","templated":true}]}}