{"id":15564,"date":"2026-02-26T13:24:25","date_gmt":"2026-02-26T16:24:25","guid":{"rendered":"https:\/\/jeffersonisac.adv.br\/index.php\/2026\/02\/26\/camara-aprova-uso-de-recursos-de-fundo-garantidor-em-operacoes-do-pronaf-acompanhe\/"},"modified":"2026-02-26T13:24:25","modified_gmt":"2026-02-26T16:24:25","slug":"camara-aprova-uso-de-recursos-de-fundo-garantidor-em-operacoes-do-pronaf-acompanhe","status":"publish","type":"post","link":"https:\/\/jeffersonisac.adv.br\/index.php\/2026\/02\/26\/camara-aprova-uso-de-recursos-de-fundo-garantidor-em-operacoes-do-pronaf-acompanhe\/","title":{"rendered":"C\u00e2mara aprova uso de recursos de fundo garantidor em opera\u00e7\u00f5es do Pronaf; acompanhe"},"content":{"rendered":"<div class=\"image-container\">\n<div class=\"midia-creditos\"><em>Acervo C\u00e2mara dos Deputados<\/em><\/div>\n<div class=\"media-wrapper\"><\/div>\n<div class=\"midia-legenda\">Sess\u00e3o de vota\u00e7\u00f5es no Plen\u00e1rio da C\u00e2mara<\/div>\n<\/div>\n<p>A C\u00e2mara dos Deputados aprovou nesta quinta-feira (16) o Projeto de Lei 2213\/25, do Senado, que autoriza o uso de recursos do Fundo Garantidor de Opera\u00e7\u00f5es (FGO) para cobrir a\u00e7\u00f5es do Programa Nacional de Fortalecimento da Agricultura Familiar (Pronaf).<\/p>\n<p>O texto segue agora para san\u00e7\u00e3o presidencial.<\/p>\n<p><a href=\"https:\/\/www.youtube.com\/watch?v=HdXk1WNeK1g\">Assista \u00e0 sess\u00e3o ao vivo<\/a><\/p>\n<p>De autoria do senador Jaques Wagner (PT-BA), a proposta prev\u00ea que at\u00e9 R$ 500 milh\u00f5es do FGO poder\u00e3o ser utilizados para garantir as opera\u00e7\u00f5es do Pronaf. Para isso, o texto aprovado altera a <a class=\"linkLegislacao\" href=\"https:\/\/www2.camara.gov.br\/legin\/fed\/lei\/2020\/lei-13999-18-maio-2020-790188-norma-pl.html\">Lei 13.999\/20<\/a>, que institui o Programa Nacional de Apoio \u00e0s Microempresas e Empresas de Pequeno Porte (Pronampe).<\/p>\n<p>O FGO \u00e9 administrado pelo Banco do Brasil e facilita o acesso ao cr\u00e9dito por empresas e setores espec\u00edficos, diminuindo os riscos para os bancos.<\/p>\n<p>J\u00e1 o Pronaf oferece linhas de cr\u00e9dito com condi\u00e7\u00f5es especiais a agricultores familiares.<\/p>\n<p><strong>Mais informa\u00e7\u00f5es em instantes<\/strong><\/p>\n<p>\u00a0<\/p>\n<div><\/div>\n<p>\u00a0<\/p>\n<p>\u00a0<\/p>","protected":false},"excerpt":{"rendered":"<p>Acervo C\u00e2mara dos Deputados Sess\u00e3o de vota\u00e7\u00f5es no Plen\u00e1rio da C\u00e2mara A C\u00e2mara dos Deputados aprovou nesta quinta-feira (16) o Projeto de Lei 2213\/25, do Senado, que autoriza o uso de recursos do Fundo Garantidor de Opera\u00e7\u00f5es (FGO) para cobrir a\u00e7\u00f5es do Programa Nacional de Fortalecimento da Agricultura Familiar (Pronaf). O texto segue agora para [&hellip;]<\/p>\n","protected":false},"author":0,"featured_media":0,"comment_status":"open","ping_status":"open","sticky":false,"template":"","format":"standard","meta":{"footnotes":""},"categories":[1],"tags":[],"_links":{"self":[{"href":"https:\/\/jeffersonisac.adv.br\/index.php\/wp-json\/wp\/v2\/posts\/15564"}],"collection":[{"href":"https:\/\/jeffersonisac.adv.br\/index.php\/wp-json\/wp\/v2\/posts"}],"about":[{"href":"https:\/\/jeffersonisac.adv.br\/index.php\/wp-json\/wp\/v2\/types\/post"}],"replies":[{"embeddable":true,"href":"https:\/\/jeffersonisac.adv.br\/index.php\/wp-json\/wp\/v2\/comments?post=15564"}],"version-history":[{"count":0,"href":"https:\/\/jeffersonisac.adv.br\/index.php\/wp-json\/wp\/v2\/posts\/15564\/revisions"}],"wp:attachment":[{"href":"https:\/\/jeffersonisac.adv.br\/index.php\/wp-json\/wp\/v2\/media?parent=15564"}],"wp:term":[{"taxonomy":"category","embeddable":true,"href":"https:\/\/jeffersonisac.adv.br\/index.php\/wp-json\/wp\/v2\/categories?post=15564"},{"taxonomy":"post_tag","embeddable":true,"href":"https:\/\/jeffersonisac.adv.br\/index.php\/wp-json\/wp\/v2\/tags?post=15564"}],"curies":[{"name":"wp","href":"https:\/\/api.w.org\/{rel}","templated":true}]}}