{"id":15565,"date":"2026-02-26T13:24:25","date_gmt":"2026-02-26T16:24:25","guid":{"rendered":"https:\/\/jeffersonisac.adv.br\/index.php\/2026\/02\/26\/plenario-inicia-a-ordem-do-dia-para-analisar-propostas-acompanhe\/"},"modified":"2026-02-26T13:24:25","modified_gmt":"2026-02-26T16:24:25","slug":"plenario-inicia-a-ordem-do-dia-para-analisar-propostas-acompanhe","status":"publish","type":"post","link":"https:\/\/jeffersonisac.adv.br\/index.php\/2026\/02\/26\/plenario-inicia-a-ordem-do-dia-para-analisar-propostas-acompanhe\/","title":{"rendered":"Plen\u00e1rio inicia a Ordem do Dia para analisar propostas; acompanhe"},"content":{"rendered":"<div class=\"image-container\">\n<div class=\"midia-creditos\"><em>Acervo C\u00e2mara dos Deputados<\/em><\/div>\n<div class=\"media-wrapper\"><\/div>\n<div class=\"midia-legenda\">Sess\u00e3o deliberativa do Plen\u00e1rio da C\u00e2mara<\/div>\n<\/div>\n<p>A C\u00e2mara dos Deputados iniciou a sess\u00e3o deliberativa desta quinta-feira (16). Al\u00e9m de requerimentos para urg\u00eancia na tramita\u00e7\u00e3o de 11 propostas, est\u00e3o na pauta do Plen\u00e1rio dois projetos de lei:<\/p>\n<p>PL 2213\/25, do Senado, que autoriza o uso de recursos do Fundo Garantidor de Opera\u00e7\u00f5es (FGO) em opera\u00e7\u00f5es contratadas no \u00e2mbito do Programa Nacional de Fortalecimento da Agricultura Familiar (Pronaf); e<br \/>\nPL 6140\/25, da deputada Tal\u00edria Petrone (Psol-RJ), para tornar obrigat\u00f3ria a divulga\u00e7\u00e3o do servi\u00e7o Ligue 180 em not\u00edcias veiculadas em qualquer meio de comunica\u00e7\u00e3o relativas \u00e0 viol\u00eancia contra a mulher.<\/p>\n<p><a href=\"https:\/\/www.youtube.com\/watch?v=HdXk1WNeK1g\">Assista \u00e0 sess\u00e3o ao vivo<\/a><\/p>\n<p><strong>Mais informa\u00e7\u00f5es em instantes<\/strong><\/p>","protected":false},"excerpt":{"rendered":"<p>Acervo C\u00e2mara dos Deputados Sess\u00e3o deliberativa do Plen\u00e1rio da C\u00e2mara A C\u00e2mara dos Deputados iniciou a sess\u00e3o deliberativa desta quinta-feira (16). Al\u00e9m de requerimentos para urg\u00eancia na tramita\u00e7\u00e3o de 11 propostas, est\u00e3o na pauta do Plen\u00e1rio dois projetos de lei: PL 2213\/25, do Senado, que autoriza o uso de recursos do Fundo Garantidor de Opera\u00e7\u00f5es [&hellip;]<\/p>\n","protected":false},"author":0,"featured_media":0,"comment_status":"open","ping_status":"open","sticky":false,"template":"","format":"standard","meta":{"footnotes":""},"categories":[1],"tags":[],"_links":{"self":[{"href":"https:\/\/jeffersonisac.adv.br\/index.php\/wp-json\/wp\/v2\/posts\/15565"}],"collection":[{"href":"https:\/\/jeffersonisac.adv.br\/index.php\/wp-json\/wp\/v2\/posts"}],"about":[{"href":"https:\/\/jeffersonisac.adv.br\/index.php\/wp-json\/wp\/v2\/types\/post"}],"replies":[{"embeddable":true,"href":"https:\/\/jeffersonisac.adv.br\/index.php\/wp-json\/wp\/v2\/comments?post=15565"}],"version-history":[{"count":0,"href":"https:\/\/jeffersonisac.adv.br\/index.php\/wp-json\/wp\/v2\/posts\/15565\/revisions"}],"wp:attachment":[{"href":"https:\/\/jeffersonisac.adv.br\/index.php\/wp-json\/wp\/v2\/media?parent=15565"}],"wp:term":[{"taxonomy":"category","embeddable":true,"href":"https:\/\/jeffersonisac.adv.br\/index.php\/wp-json\/wp\/v2\/categories?post=15565"},{"taxonomy":"post_tag","embeddable":true,"href":"https:\/\/jeffersonisac.adv.br\/index.php\/wp-json\/wp\/v2\/tags?post=15565"}],"curies":[{"name":"wp","href":"https:\/\/api.w.org\/{rel}","templated":true}]}}