{"id":15566,"date":"2026-02-26T14:24:24","date_gmt":"2026-02-26T17:24:24","guid":{"rendered":"https:\/\/jeffersonisac.adv.br\/index.php\/2026\/02\/26\/comissao-aprova-projeto-que-preve-controle-do-congresso-sobre-contas-de-empresas-supranacionais\/"},"modified":"2026-02-26T14:24:24","modified_gmt":"2026-02-26T17:24:24","slug":"comissao-aprova-projeto-que-preve-controle-do-congresso-sobre-contas-de-empresas-supranacionais","status":"publish","type":"post","link":"https:\/\/jeffersonisac.adv.br\/index.php\/2026\/02\/26\/comissao-aprova-projeto-que-preve-controle-do-congresso-sobre-contas-de-empresas-supranacionais\/","title":{"rendered":"Comiss\u00e3o aprova projeto que prev\u00ea controle do Congresso sobre contas de empresas supranacionais"},"content":{"rendered":"<div class=\"image-container\">\n<div class=\"midia-creditos\"><em>Vinicius Loures\/C\u00e2mara dos Deputados<\/em><\/div>\n<div class=\"media-wrapper\"><\/div>\n<div class=\"midia-legenda\">Luiz Philippe de Orleans e Bragan\u00e7a, relator da proposta<\/div>\n<\/div>\n<p>A Comiss\u00e3o de Rela\u00e7\u00f5es Exteriores e de Defesa Nacional da C\u00e2mara dos Deputados aprovou projeto de lei que prev\u00ea controle externo das contas de empresas supranacionais pelo Congresso Nacional. A medida abrange estatais criadas por tratados internacionais com participa\u00e7\u00e3o da Uni\u00e3o, como a Itaipu Binacional.<\/p>\n<p>Conforme o texto aprovado, o governo federal dever\u00e1 viabilizar, nas negocia\u00e7\u00f5es de tratados internacionais, cl\u00e1usulas que permitam a fiscaliza\u00e7\u00e3o das contas dessas estatais pelo Congresso, com o aux\u00edlio do Tribunal de Contas da Uni\u00e3o (<span class=\"termoGlossario\">TCU<\/span>). A regra tamb\u00e9m prev\u00ea a atua\u00e7\u00e3o dos \u00f3rg\u00e3os de controle dos pa\u00edses parceiros.<\/p>\n<p>O texto aprovado \u00e9 o <span class=\"termoGlossario\">substitutivo<\/span> do relator, deputado Luiz Philippe de Orleans e Bragan\u00e7a (PL-SP), ao <a class=\"linkProposicao\" href=\"https:\/\/www.camara.leg.br\/noticias\/1242907-projeto-preve-controle-do-congresso-sobre-contas-da-itaipu-binacional\">Projeto de Lei 754\/25<\/a>, do deputado Alberto Fraga (PL-DF). O relator manteve o objetivo original, mas criou uma norma aut\u00f4noma, em vez de alterar a\u00a0<a href=\"https:\/\/www2.camara.gov.br\/legin\/fed\/lei\/2016\/lei-13303-30-junho-2016-783296-norma-pl.html\" target=\"_blank\" rel=\"noopener\">Lei das Estatais<\/a>, devido \u00e0 natureza jur\u00eddica espec\u00edfica de tais empresas.<\/p>\n<p>\u201c\u00c9 uma imposi\u00e7\u00e3o final\u00edstica a de que o poder p\u00fablico logre inserir, em tratados sobre entidades supranacionais, autoriza\u00e7\u00e3o para sua fiscaliza\u00e7\u00e3o pelo Congresso Nacional e por mecanismo similar dos demais Estados partes\u201d, afirmou o relator.<\/p>\n<p><strong>Natureza jur\u00eddica<\/strong><br \/>\nPara Orleans e Bragan\u00e7a, uma lei aut\u00f4noma \u00e9 necess\u00e1ria porque h\u00e1 diverg\u00eancias jur\u00eddicas sobre o enquadramento de empresas como Itaipu na Lei das Estatais. Segundo ele, o Supremo Tribunal Federal (STF) classifica a hidrel\u00e9trica como \u201cempresa juridicamente internacional\u201d, o que dificulta a aplica\u00e7\u00e3o da norma.<\/p>\n<p>Em caso de tratados j\u00e1 vigentes e anteriores \u00e0 Constitui\u00e7\u00e3o, como o de Itaipu, o substitutivo determina que o Poder Executivo retome as negocia\u00e7\u00f5es com o governo do Paraguai a fim de elaborar uma emenda que inclua a norma de controle.<\/p>\n<p><strong>Atua\u00e7\u00e3o do governo<\/strong><br \/>\nSegundo o deputado Alberto Fraga, autor da vers\u00e3o original, a medida visa conferir concretude \u00e0 fiscaliza\u00e7\u00e3o dessas empresas. Ele argumenta que \u00e9 necess\u00e1rio regular a atua\u00e7\u00e3o do governo nesses casos, conforme previsto na Constitui\u00e7\u00e3o.<\/p>\n<p>\u201cPor ser uma entidade binacional, oriunda de um tratado de 1973, n\u00e3o se previu, nos instrumentos de formaliza\u00e7\u00e3o, como se daria a fiscaliza\u00e7\u00e3o de contas da hidrel\u00e9trica\u201d, disse o parlamentar na justificativa que acompanha o texto.<\/p>\n<p><strong>Pr\u00f3ximos passos<\/strong><br \/>\nO projeto tramita em <span class=\"termoGlossario\">car\u00e1ter conclusivo<\/span> e ainda ser\u00e1 analisado pela Comiss\u00e3o de Constitui\u00e7\u00e3o e Justi\u00e7a e de Cidadania.<\/p>\n<p>Para virar lei, o texto ter\u00e1 de ser aprovado pela C\u00e2mara e pelo Senado.<\/p>\n<p><a href=\"https:\/\/www.camara.leg.br\/noticias\/573454-SAIBA-MAIS-SOBRE-A-TRAMITACAO-DE-PROJETOS-DE-LEI\">Saiba mais sobre a tramita\u00e7\u00e3o de projetos de lei<\/a><\/p>","protected":false},"excerpt":{"rendered":"<p>Vinicius Loures\/C\u00e2mara dos Deputados Luiz Philippe de Orleans e Bragan\u00e7a, relator da proposta A Comiss\u00e3o de Rela\u00e7\u00f5es Exteriores e de Defesa Nacional da C\u00e2mara dos Deputados aprovou projeto de lei que prev\u00ea controle externo das contas de empresas supranacionais pelo Congresso Nacional. A medida abrange estatais criadas por tratados internacionais com participa\u00e7\u00e3o da Uni\u00e3o, como [&hellip;]<\/p>\n","protected":false},"author":0,"featured_media":0,"comment_status":"open","ping_status":"open","sticky":false,"template":"","format":"standard","meta":{"footnotes":""},"categories":[1],"tags":[],"_links":{"self":[{"href":"https:\/\/jeffersonisac.adv.br\/index.php\/wp-json\/wp\/v2\/posts\/15566"}],"collection":[{"href":"https:\/\/jeffersonisac.adv.br\/index.php\/wp-json\/wp\/v2\/posts"}],"about":[{"href":"https:\/\/jeffersonisac.adv.br\/index.php\/wp-json\/wp\/v2\/types\/post"}],"replies":[{"embeddable":true,"href":"https:\/\/jeffersonisac.adv.br\/index.php\/wp-json\/wp\/v2\/comments?post=15566"}],"version-history":[{"count":0,"href":"https:\/\/jeffersonisac.adv.br\/index.php\/wp-json\/wp\/v2\/posts\/15566\/revisions"}],"wp:attachment":[{"href":"https:\/\/jeffersonisac.adv.br\/index.php\/wp-json\/wp\/v2\/media?parent=15566"}],"wp:term":[{"taxonomy":"category","embeddable":true,"href":"https:\/\/jeffersonisac.adv.br\/index.php\/wp-json\/wp\/v2\/categories?post=15566"},{"taxonomy":"post_tag","embeddable":true,"href":"https:\/\/jeffersonisac.adv.br\/index.php\/wp-json\/wp\/v2\/tags?post=15566"}],"curies":[{"name":"wp","href":"https:\/\/api.w.org\/{rel}","templated":true}]}}