{"id":15567,"date":"2026-02-26T14:24:24","date_gmt":"2026-02-26T17:24:24","guid":{"rendered":"https:\/\/jeffersonisac.adv.br\/index.php\/2026\/02\/26\/lider-do-governo-afirma-que-a-prioridade-para-a-proxima-semana-e-a-pec-da-seguranca\/"},"modified":"2026-02-26T14:24:24","modified_gmt":"2026-02-26T17:24:24","slug":"lider-do-governo-afirma-que-a-prioridade-para-a-proxima-semana-e-a-pec-da-seguranca","status":"publish","type":"post","link":"https:\/\/jeffersonisac.adv.br\/index.php\/2026\/02\/26\/lider-do-governo-afirma-que-a-prioridade-para-a-proxima-semana-e-a-pec-da-seguranca\/","title":{"rendered":"L\u00edder do governo afirma que a prioridade para a pr\u00f3xima semana \u00e9 a PEC da Seguran\u00e7a"},"content":{"rendered":"<div class=\"image-container\">\n<div class=\"midia-creditos\"><em>Marina Ramos \/ C\u00e2mara dos Deputados<\/em><\/div>\n<div class=\"media-wrapper\"><\/div>\n<div class=\"midia-legenda\">Guimar\u00e3es: proposta \u00e9 a prioridade das prioridades<\/div>\n<\/div>\n<p>O l\u00edder do governo na C\u00e2mara, deputado Jos\u00e9 Guimar\u00e3es (PT-CE), afirmou que a prioridade de vota\u00e7\u00e3o para a pr\u00f3xima semana \u00e9 a PEC da Seguran\u00e7a P\u00fablica (<a class=\"linkProposicao\" href=\"https:\/\/www.camara.leg.br\/noticias\/1153668-proposta-do-governo-muda-estrutura-da-seguranca-publica-em-busca-de-maior-integracao-na-area\">PEC 18\/25<\/a>). O texto deve ser votado pela <span class=\"termoGlossario\">comiss\u00e3o especial<\/span> na quarta-feira (4) e seguir para o Plen\u00e1rio.<\/p>\n<p>Segundo Guimar\u00e3es, o governo vai dialogar com o relator para aprovar a espinha dorsal do texto apresentado pelo Poder Executivo. Ele explicou que h\u00e1 dispositivos na proposta ainda em discuss\u00e3o, como a redu\u00e7\u00e3o da maioridade penal.<\/p>\n<p>\u201cComo \u00e9 um qu\u00f3rum qualificado, \u00e9 prioridade das prioridades. O ministro da Justi\u00e7a est\u00e1 coordenando o debate e tem um tema central na PEC, que o governo vai se posicionar ainda, e que tem algumas restri\u00e7\u00f5es, que \u00e9 a quest\u00e3o da maioridade penal. Mas isso tudo a gente vai debater\u201d, explicou Guimar\u00e3es.<br \/>\n\u201cAssim como suamos para aprovar o projeto antifac\u00e7\u00e3o, podemos construir um acordo\u201d, afirmou.<\/p>\n<p>O relator, deputado Mendon\u00e7a Filho (Uni\u00e3o-PE), afirmou que o tema \u00e9 a principal diverg\u00eancia entre os deputados. Ele lembrou que a redu\u00e7\u00e3o da maioridade penal para crimes violentos ser\u00e1 decidida pela popula\u00e7\u00e3o em referendo em 2028. O parlamentar disse ainda que os partidos de centro e de direita est\u00e3o favor\u00e1veis \u00e0 proposta.<\/p>\n<p>\u201cEssa resposta a sociedade espera de n\u00f3s, mas tamb\u00e9m temos que ter pol\u00edticas p\u00fablicas de prote\u00e7\u00e3o ao jovem\u201d, disse o relator.<\/p>","protected":false},"excerpt":{"rendered":"<p>Marina Ramos \/ C\u00e2mara dos Deputados Guimar\u00e3es: proposta \u00e9 a prioridade das prioridades O l\u00edder do governo na C\u00e2mara, deputado Jos\u00e9 Guimar\u00e3es (PT-CE), afirmou que a prioridade de vota\u00e7\u00e3o para a pr\u00f3xima semana \u00e9 a PEC da Seguran\u00e7a P\u00fablica (PEC 18\/25). O texto deve ser votado pela comiss\u00e3o especial na quarta-feira (4) e seguir para [&hellip;]<\/p>\n","protected":false},"author":0,"featured_media":0,"comment_status":"open","ping_status":"open","sticky":false,"template":"","format":"standard","meta":{"footnotes":""},"categories":[1],"tags":[],"_links":{"self":[{"href":"https:\/\/jeffersonisac.adv.br\/index.php\/wp-json\/wp\/v2\/posts\/15567"}],"collection":[{"href":"https:\/\/jeffersonisac.adv.br\/index.php\/wp-json\/wp\/v2\/posts"}],"about":[{"href":"https:\/\/jeffersonisac.adv.br\/index.php\/wp-json\/wp\/v2\/types\/post"}],"replies":[{"embeddable":true,"href":"https:\/\/jeffersonisac.adv.br\/index.php\/wp-json\/wp\/v2\/comments?post=15567"}],"version-history":[{"count":0,"href":"https:\/\/jeffersonisac.adv.br\/index.php\/wp-json\/wp\/v2\/posts\/15567\/revisions"}],"wp:attachment":[{"href":"https:\/\/jeffersonisac.adv.br\/index.php\/wp-json\/wp\/v2\/media?parent=15567"}],"wp:term":[{"taxonomy":"category","embeddable":true,"href":"https:\/\/jeffersonisac.adv.br\/index.php\/wp-json\/wp\/v2\/categories?post=15567"},{"taxonomy":"post_tag","embeddable":true,"href":"https:\/\/jeffersonisac.adv.br\/index.php\/wp-json\/wp\/v2\/tags?post=15567"}],"curies":[{"name":"wp","href":"https:\/\/api.w.org\/{rel}","templated":true}]}}