{"id":15570,"date":"2026-02-26T15:24:22","date_gmt":"2026-02-26T18:24:22","guid":{"rendered":"https:\/\/jeffersonisac.adv.br\/index.php\/2026\/02\/26\/comissao-de-saude-aprova-programa-nacional-para-prevencao-da-perda-de-massa-muscular\/"},"modified":"2026-02-26T15:24:22","modified_gmt":"2026-02-26T18:24:22","slug":"comissao-de-saude-aprova-programa-nacional-para-prevencao-da-perda-de-massa-muscular","status":"publish","type":"post","link":"https:\/\/jeffersonisac.adv.br\/index.php\/2026\/02\/26\/comissao-de-saude-aprova-programa-nacional-para-prevencao-da-perda-de-massa-muscular\/","title":{"rendered":"Comiss\u00e3o de Sa\u00fade aprova programa nacional para preven\u00e7\u00e3o da perda de massa muscular"},"content":{"rendered":"<div class=\"image-container\">\n<div class=\"midia-creditos\"><em>Kayo Magalh\u00e3es\/C\u00e2mara dos Deputados<\/em><\/div>\n<div class=\"media-wrapper\"><\/div>\n<div class=\"midia-legenda\">Iza Arruda: sarcopenia afeta qualidade de vida de pessoas idosas<\/div>\n<\/div>\n<p>A Comiss\u00e3o de Sa\u00fade da C\u00e2mara dos Deputados aprovou o Projeto de Lei 1984\/25, que institui um programa nacional de preven\u00e7\u00e3o \u00e0 sarcopenia (perda progressiva de massa, for\u00e7a e fun\u00e7\u00e3o muscular).<\/p>\n<p>A proposta, do deputado Prof. Reginaldo Veras (PV-DF), foca na preven\u00e7\u00e3o e no tratamento da doen\u00e7a.<\/p>\n<p>O programa, a ser institu\u00eddo no Sistema \u00danico de Sa\u00fade (SUS), prev\u00ea o incentivo \u00e0 pr\u00e1tica regular de atividade f\u00edsica, orienta\u00e7\u00e3o nutricional e o monitoramento constante da composi\u00e7\u00e3o corporal dos pacientes.<\/p>\n<p>As a\u00e7\u00f5es ser\u00e3o destinadas prioritariamente a:<\/p>\n<p>pessoas idosas de baixa renda inscritas no Cadastro \u00danico para Programas Sociais (Cad\u00danico);<br \/>\ncidad\u00e3os com doen\u00e7as cr\u00f4nicas ou defici\u00eancias que apresentem risco de perda muscular; e<br \/>\nindiv\u00edduos em p\u00f3s-tratamento de doen\u00e7as graves.<\/p>\n<p>Os parlamentares acolheram o <a href=\"https:\/\/www.camara.leg.br\/proposicoesWeb\/prop_mostrarintegra?codteor=3012715&amp;filename=Parecer-CSAUDE-2025-10-02\">parecer da relatora<\/a>, deputada Iza Arruda (MDB-PE), pela aprova\u00e7\u00e3o da proposta.<\/p>\n<p>A parlamentar destacou que a sarcopenia, embora catalogada internacionalmente, \u201cainda \u00e9 insuficientemente conhecida e entendida pelos profissionais de sa\u00fade\u201d.<\/p>\n<p>\u201cA condi\u00e7\u00e3o \u00e9 fortemente associada ao envelhecimento e ao agravamento de doen\u00e7as cr\u00f4nicas, e entre suas consequ\u00eancias est\u00e3o aumento do risco de quedas, hospitaliza\u00e7\u00f5es, depend\u00eancia funcional, redu\u00e7\u00e3o da qualidade de vida e maior mortalidade\u201d, observou a relatora.<\/p>\n<p>Iza Arruda disse ainda que as interven\u00e7\u00f5es precoces s\u00e3o eficazes para retardar ou reverter o processo de perda muscular.<\/p>\n<p>\u201cA proposi\u00e7\u00e3o contribui para a promo\u00e7\u00e3o da sa\u00fade e a melhoria da qualidade de vida da popula\u00e7\u00e3o brasileira, especialmente as pessoas idosas \u2014 faixa et\u00e1ria que todos almejam atingir\u201d, comentou.<\/p>\n<p><strong>Funcionamento<br \/>\n<\/strong>Para viabilizar as atividades, o Poder Executivo poder\u00e1, entre outras medidas:<\/p>\n<p>conceder benef\u00edcios fiscais para academias e centros credenciados que ofere\u00e7am profissionais qualificados;<br \/>\ncriar n\u00facleos em espa\u00e7os p\u00fablicos, especialmente em fins de semana e feriados, com equipamentos acess\u00edveis;<br \/>\nfirmar parcerias com universidades para que estudantes de educa\u00e7\u00e3o f\u00edsica, fisioterapia e nutri\u00e7\u00e3o atuem como estagi\u00e1rios supervisionados; e<br \/>\ndisponibilizar suplementos nutricionais e terapias hormonais, seguindo protocolos do Minist\u00e9rio da Sa\u00fade.<\/p>\n<p><strong>Pr\u00f3ximos passos<\/strong><br \/>\nO projeto tramita em <span class=\"termoGlossario\">car\u00e1ter conclusivo<\/span> e ainda ser\u00e1 analisado pelas comiss\u00f5es de Finan\u00e7as e Tributa\u00e7\u00e3o; e de Constitui\u00e7\u00e3o e Justi\u00e7a e de Cidadania.<\/p>\n<p>Para virar lei, precisa ser aprovado pela C\u00e2mara e pelo Senado.<\/p>\n<p><a href=\"https:\/\/www.camara.leg.br\/noticias\/573454-SAIBA-MAIS-SOBRE-A-TRAMITACAO-DE-PROJETOS-DE-LEI\">Saiba mais sobre a tramita\u00e7\u00e3o de projetos de lei<\/a><\/p>\n<p>\u00a0<\/p>\n<div><\/div>\n<p>\u00a0<\/p>","protected":false},"excerpt":{"rendered":"<p>Kayo Magalh\u00e3es\/C\u00e2mara dos Deputados Iza Arruda: sarcopenia afeta qualidade de vida de pessoas idosas A Comiss\u00e3o de Sa\u00fade da C\u00e2mara dos Deputados aprovou o Projeto de Lei 1984\/25, que institui um programa nacional de preven\u00e7\u00e3o \u00e0 sarcopenia (perda progressiva de massa, for\u00e7a e fun\u00e7\u00e3o muscular). A proposta, do deputado Prof. Reginaldo Veras (PV-DF), foca na [&hellip;]<\/p>\n","protected":false},"author":0,"featured_media":0,"comment_status":"open","ping_status":"open","sticky":false,"template":"","format":"standard","meta":{"footnotes":""},"categories":[1],"tags":[],"_links":{"self":[{"href":"https:\/\/jeffersonisac.adv.br\/index.php\/wp-json\/wp\/v2\/posts\/15570"}],"collection":[{"href":"https:\/\/jeffersonisac.adv.br\/index.php\/wp-json\/wp\/v2\/posts"}],"about":[{"href":"https:\/\/jeffersonisac.adv.br\/index.php\/wp-json\/wp\/v2\/types\/post"}],"replies":[{"embeddable":true,"href":"https:\/\/jeffersonisac.adv.br\/index.php\/wp-json\/wp\/v2\/comments?post=15570"}],"version-history":[{"count":0,"href":"https:\/\/jeffersonisac.adv.br\/index.php\/wp-json\/wp\/v2\/posts\/15570\/revisions"}],"wp:attachment":[{"href":"https:\/\/jeffersonisac.adv.br\/index.php\/wp-json\/wp\/v2\/media?parent=15570"}],"wp:term":[{"taxonomy":"category","embeddable":true,"href":"https:\/\/jeffersonisac.adv.br\/index.php\/wp-json\/wp\/v2\/categories?post=15570"},{"taxonomy":"post_tag","embeddable":true,"href":"https:\/\/jeffersonisac.adv.br\/index.php\/wp-json\/wp\/v2\/tags?post=15570"}],"curies":[{"name":"wp","href":"https:\/\/api.w.org\/{rel}","templated":true}]}}