{"id":15571,"date":"2026-02-26T15:24:22","date_gmt":"2026-02-26T18:24:22","guid":{"rendered":"https:\/\/jeffersonisac.adv.br\/index.php\/2026\/02\/26\/comissao-debate-suporte-federativo-para-politicas-voltadas-a-pessoas-com-autismo\/"},"modified":"2026-02-26T15:24:22","modified_gmt":"2026-02-26T18:24:22","slug":"comissao-debate-suporte-federativo-para-politicas-voltadas-a-pessoas-com-autismo","status":"publish","type":"post","link":"https:\/\/jeffersonisac.adv.br\/index.php\/2026\/02\/26\/comissao-debate-suporte-federativo-para-politicas-voltadas-a-pessoas-com-autismo\/","title":{"rendered":"Comiss\u00e3o debate suporte federativo para pol\u00edticas voltadas a pessoas com autismo"},"content":{"rendered":"<div class=\"image-container\">\n<div class=\"midia-creditos\"><em>Michel Jesus \/ C\u00e2mara dos Deputados<\/em><\/div>\n<div class=\"media-wrapper\"><\/div>\n<div class=\"midia-legenda\">Deputado Marangoni, que pediu a audi\u00eancia<\/div>\n<\/div>\n<p>A <span class=\"termoGlossario\">comiss\u00e3o especial<\/span>\u00a0da C\u00e2mara dos Deputados destinada a proferir parecer ao <a class=\"linkProposicao\" href=\"https:\/\/www.camara.leg.br\/noticias\/1247110-projeto-cria-politica-nacional-dos-direitos-da-pessoa-com-autismo\">Projeto de Lei 3080\/20<\/a> realizar\u00e1, nesta ter\u00e7a-feira (3), audi\u00eancia p\u00fablica para discutir formas de suporte federativo entre munic\u00edpios, estados e Uni\u00e3o nas pol\u00edticas para pessoas com transtorno do espectro autista (TEA). O debate ser\u00e1 realizado \u00e0s 14 horas, no plen\u00e1rio 9.<\/p>\n<p><a href=\"https:\/\/www.camara.leg.br\/evento-legislativo\/81081\">Veja quem foi convidado para o debate <\/a><\/p>\n<p>A comiss\u00e3o analisa o Projeto de Lei 3080\/20, do ex-deputado Alexandre Frota (SP), que institui a Pol\u00edtica P\u00fablica Nacional para garantia, prote\u00e7\u00e3o e amplia\u00e7\u00e3o dos direitos das pessoas com transtorno do espectro autista, e outros projetos <span class=\"termoGlossario\">apensados<\/span>.<\/p>\n<p>O debate atende a pedido do deputado Marangoni (Uni\u00e3o-SP). Segundo o parlamentar, a comiss\u00e3o tem como objetivo central construir um marco legislativo abrangente, capaz de integrar a\u00e7\u00f5es intersetoriais e aprimorar a efetividade das pol\u00edticas p\u00fablicas voltadas \u00e0 inclus\u00e3o, ao diagn\u00f3stico precoce, ao tratamento, \u00e0 educa\u00e7\u00e3o, ao trabalho e \u00e0 prote\u00e7\u00e3o dos direitos das pessoas com TEA e de suas fam\u00edlias.<\/p>\n<p>Marangoni afirma que \u00e9 necess\u00e1ria a escuta qualificada de representantes do poder p\u00fablico, do sistema de justi\u00e7a, de entidades da sociedade civil organizada, de profissionais da sa\u00fade e da educa\u00e7\u00e3o, bem como de pessoas autistas e familiares, j\u00e1 que a complexidade e a transversalidade do tema demandam o envolvimento de m\u00faltiplos setores e \u00e1reas do conhecimento.<\/p>\n<p>\u201cA presen\u00e7a dos <em>stakeholders<\/em> sugeridos no presente requerimento contribuir\u00e1 para uma escuta ampla, plural e qualificada, fortalecendo o processo democr\u00e1tico e subsidiando a elabora\u00e7\u00e3o de um Plano Nacional de Pol\u00edticas para Pessoas com TEA efetivo, baseado em evid\u00eancias e em experi\u00eancias concretas de gest\u00e3o, atua\u00e7\u00e3o t\u00e9cnica e viv\u00eancia\u201d, afirmou.<\/p>","protected":false},"excerpt":{"rendered":"<p>Michel Jesus \/ C\u00e2mara dos Deputados Deputado Marangoni, que pediu a audi\u00eancia A comiss\u00e3o especial\u00a0da C\u00e2mara dos Deputados destinada a proferir parecer ao Projeto de Lei 3080\/20 realizar\u00e1, nesta ter\u00e7a-feira (3), audi\u00eancia p\u00fablica para discutir formas de suporte federativo entre munic\u00edpios, estados e Uni\u00e3o nas pol\u00edticas para pessoas com transtorno do espectro autista (TEA). O [&hellip;]<\/p>\n","protected":false},"author":0,"featured_media":0,"comment_status":"open","ping_status":"open","sticky":false,"template":"","format":"standard","meta":{"footnotes":""},"categories":[1],"tags":[],"_links":{"self":[{"href":"https:\/\/jeffersonisac.adv.br\/index.php\/wp-json\/wp\/v2\/posts\/15571"}],"collection":[{"href":"https:\/\/jeffersonisac.adv.br\/index.php\/wp-json\/wp\/v2\/posts"}],"about":[{"href":"https:\/\/jeffersonisac.adv.br\/index.php\/wp-json\/wp\/v2\/types\/post"}],"replies":[{"embeddable":true,"href":"https:\/\/jeffersonisac.adv.br\/index.php\/wp-json\/wp\/v2\/comments?post=15571"}],"version-history":[{"count":0,"href":"https:\/\/jeffersonisac.adv.br\/index.php\/wp-json\/wp\/v2\/posts\/15571\/revisions"}],"wp:attachment":[{"href":"https:\/\/jeffersonisac.adv.br\/index.php\/wp-json\/wp\/v2\/media?parent=15571"}],"wp:term":[{"taxonomy":"category","embeddable":true,"href":"https:\/\/jeffersonisac.adv.br\/index.php\/wp-json\/wp\/v2\/categories?post=15571"},{"taxonomy":"post_tag","embeddable":true,"href":"https:\/\/jeffersonisac.adv.br\/index.php\/wp-json\/wp\/v2\/tags?post=15571"}],"curies":[{"name":"wp","href":"https:\/\/api.w.org\/{rel}","templated":true}]}}