{"id":15572,"date":"2026-02-26T15:24:22","date_gmt":"2026-02-26T18:24:22","guid":{"rendered":"https:\/\/jeffersonisac.adv.br\/index.php\/2026\/02\/26\/comissao-aprova-prioridade-absoluta-para-processos-judiciais-de-pacientes-com-cancer\/"},"modified":"2026-02-26T15:24:22","modified_gmt":"2026-02-26T18:24:22","slug":"comissao-aprova-prioridade-absoluta-para-processos-judiciais-de-pacientes-com-cancer","status":"publish","type":"post","link":"https:\/\/jeffersonisac.adv.br\/index.php\/2026\/02\/26\/comissao-aprova-prioridade-absoluta-para-processos-judiciais-de-pacientes-com-cancer\/","title":{"rendered":"Comiss\u00e3o aprova prioridade absoluta para processos judiciais de pacientes com c\u00e2ncer"},"content":{"rendered":"<div class=\"image-container\">\n<div class=\"midia-creditos\"><em>Renato Ara\u00fajo\/C\u00e2mara dos Deputados<\/em><\/div>\n<div class=\"media-wrapper\"><\/div>\n<div class=\"midia-legenda\">Silvia Cristina: decis\u00f5es devem observar car\u00e1ter emergencial de demandas oncol\u00f3gicas<\/div>\n<\/div>\n<p>A Comiss\u00e3o de Sa\u00fade da C\u00e2mara dos Deputados aprovou o Projeto de Lei 1571\/2025, que estabelece prioridade absoluta de tramita\u00e7\u00e3o para processos judiciais envolvendo pessoas com c\u00e2ncer. A medida vale para todas as inst\u00e2ncias do Judici\u00e1rio, inclusive tribunais superiores, e altera o Estatuto da Pessoa com C\u00e2ncer (<a class=\"linkLegislacao\" href=\"https:\/\/www2.camara.gov.br\/legin\/fed\/lei\/2021\/lei-14238-19-novembro-2021-791976-norma-pl.html\">Lei 14.238\/2021<\/a>).<\/p>\n<p>O texto determina que, quando o caso envolvendo um paciente com c\u00e2ncer estiver na justi\u00e7a, o juiz poder\u00e1 pedir informa\u00e7\u00f5es diretamente ao \u00f3rg\u00e3o p\u00fablico respons\u00e1vel.<\/p>\n<p>O \u00f3rg\u00e3o dever\u00e1 responder em at\u00e9 48 horas, sem possibilidade de prorroga\u00e7\u00e3o, enviando:<\/p>\n<p>C\u00f3pia do pedido feito pelo paciente ao \u00f3rg\u00e3o p\u00fablico (se houver);<br \/>\nInforma\u00e7\u00f5es sobre o andamento do pedido, com os documentos anexados;<br \/>\nExplica\u00e7\u00e3o oficial e justificada sobre o motivo de o pedido ter virado processo judicial;<br \/>\nInforma\u00e7\u00e3o sobre risco real de agravamento da sa\u00fade do paciente, se houver.<\/p>\n<p>Se o \u00f3rg\u00e3o n\u00e3o responder no prazo, o servidor respons\u00e1vel poder\u00e1 sofrer puni\u00e7\u00e3o administrativa. O caso tamb\u00e9m poder\u00e1 ser comunicado ao Minist\u00e9rio P\u00fablico.<\/p>\n<p>A relatora, deputada Silvia Cristina (PP-RO), recomendou a aprova\u00e7\u00e3o do projeto, de autoria do deputado Ely Santos (Republicanos-SP). \u201cAs decis\u00f5es judiciais devem observar o car\u00e1ter emergencial das demandas oncol\u00f3gicas, garantindo an\u00e1lise r\u00e1pida de liminares e tutelas de urg\u00eancia\u201d, disse. &#8220;A demora em a\u00e7\u00f5es relacionadas a tratamentos, medicamentos e procedimentos pode implicar risco concreto \u00e0 vida e \u00e0 sa\u00fade dos pacientes&#8221;, acrescentou.<\/p>\n<p>A relatora prop\u00f4s apenas emendas de reda\u00e7\u00e3o e recomendou a rejei\u00e7\u00e3o de outras tr\u00eas emendas que sugeriam incentivos a pesquisas de terapias avan\u00e7adas. A relatora considerou os temas estranhos ao objetivo central do projeto.<\/p>\n<p><strong>Pr\u00f3ximas etapas<br \/>\n<\/strong>A proposta ser\u00e1 agora analisada, em <span class=\"termoGlossario\">car\u00e1ter conclusivo<\/span>, pela Comiss\u00e3o de Constitui\u00e7\u00e3o e Justi\u00e7a e de Cidadania. Para virar lei, o texto deve ser aprovado pela C\u00e2mara e pelo Senado.<\/p>\n<p><a href=\"https:\/\/www.camara.leg.br\/noticias\/573454-SAIBA-MAIS-SOBRE-A-TRAMITACAO-DE-PROJETOS-DE-LEI\">Saiba mais sobre a tramita\u00e7\u00e3o de projetos de lei<\/a><\/p>","protected":false},"excerpt":{"rendered":"<p>Renato Ara\u00fajo\/C\u00e2mara dos Deputados Silvia Cristina: decis\u00f5es devem observar car\u00e1ter emergencial de demandas oncol\u00f3gicas A Comiss\u00e3o de Sa\u00fade da C\u00e2mara dos Deputados aprovou o Projeto de Lei 1571\/2025, que estabelece prioridade absoluta de tramita\u00e7\u00e3o para processos judiciais envolvendo pessoas com c\u00e2ncer. A medida vale para todas as inst\u00e2ncias do Judici\u00e1rio, inclusive tribunais superiores, e altera [&hellip;]<\/p>\n","protected":false},"author":0,"featured_media":0,"comment_status":"open","ping_status":"open","sticky":false,"template":"","format":"standard","meta":{"footnotes":""},"categories":[1],"tags":[],"_links":{"self":[{"href":"https:\/\/jeffersonisac.adv.br\/index.php\/wp-json\/wp\/v2\/posts\/15572"}],"collection":[{"href":"https:\/\/jeffersonisac.adv.br\/index.php\/wp-json\/wp\/v2\/posts"}],"about":[{"href":"https:\/\/jeffersonisac.adv.br\/index.php\/wp-json\/wp\/v2\/types\/post"}],"replies":[{"embeddable":true,"href":"https:\/\/jeffersonisac.adv.br\/index.php\/wp-json\/wp\/v2\/comments?post=15572"}],"version-history":[{"count":0,"href":"https:\/\/jeffersonisac.adv.br\/index.php\/wp-json\/wp\/v2\/posts\/15572\/revisions"}],"wp:attachment":[{"href":"https:\/\/jeffersonisac.adv.br\/index.php\/wp-json\/wp\/v2\/media?parent=15572"}],"wp:term":[{"taxonomy":"category","embeddable":true,"href":"https:\/\/jeffersonisac.adv.br\/index.php\/wp-json\/wp\/v2\/categories?post=15572"},{"taxonomy":"post_tag","embeddable":true,"href":"https:\/\/jeffersonisac.adv.br\/index.php\/wp-json\/wp\/v2\/tags?post=15572"}],"curies":[{"name":"wp","href":"https:\/\/api.w.org\/{rel}","templated":true}]}}