{"id":15573,"date":"2026-02-26T15:24:23","date_gmt":"2026-02-26T18:24:23","guid":{"rendered":"https:\/\/jeffersonisac.adv.br\/index.php\/2026\/02\/26\/comissao-de-trabalho-debate-reestruturacao-das-carreiras-no-banco-do-brasil\/"},"modified":"2026-02-26T15:24:23","modified_gmt":"2026-02-26T18:24:23","slug":"comissao-de-trabalho-debate-reestruturacao-das-carreiras-no-banco-do-brasil","status":"publish","type":"post","link":"https:\/\/jeffersonisac.adv.br\/index.php\/2026\/02\/26\/comissao-de-trabalho-debate-reestruturacao-das-carreiras-no-banco-do-brasil\/","title":{"rendered":"Comiss\u00e3o de Trabalho debate reestrutura\u00e7\u00e3o das carreiras no Banco do Brasil"},"content":{"rendered":"<div class=\"image-container\">\n<div class=\"midia-creditos\"><em>Marcelo Camargo\/Ag\u00eancia Brasil<\/em><\/div>\n<div class=\"media-wrapper\"><\/div>\n<div class=\"midia-legenda\">Edif\u00edcio-sede do Banco do Brasil, em Bras\u00edlia<\/div>\n<\/div>\n<p>A Comiss\u00e3o de Trabalho da C\u00e2mara dos Deputados realiza, nesta segunda-feira (2), audi\u00eancia p\u00fablica para debater a reestrutura\u00e7\u00e3o das carreiras no Banco do Brasil.\u00a0O debate atende a pedido da deputada Erika Kokay (PT-DF) e est\u00e1 marcado para as 10 horas, no plen\u00e1rio 12.<\/p>\n<p><a href=\"https:\/\/www.camara.leg.br\/evento-legislativo\/81043\">Veja quem foi convidado<\/a><\/p>\n<p>Segundo a parlamentar, o objetivo \u00e9 discutir o processo recente de reestrutura\u00e7\u00e3o do banco, especialmente os impactos dos chamados \u201cmovimentos estruturantes\u201d implementados pela institui\u00e7\u00e3o.<\/p>\n<p>Erika Kokay afirma que as medidas t\u00eam gerado preocupa\u00e7\u00f5es quanto \u00e0 amplia\u00e7\u00e3o indevida da jornada de trabalho, \u00e0 reclassifica\u00e7\u00e3o de fun\u00e7\u00f5es t\u00e9cnicas sem a correspondente fid\u00facia especial e aos descomissionamentos que, al\u00e9m de implicarem redu\u00e7\u00e3o remunerat\u00f3ria, podem provocar instabilidade funcional, adoecimento e inseguran\u00e7a entre os trabalhadores.<\/p>\n<p>A deputada informa ainda que entidades representativas apontam que a reestrutura\u00e7\u00e3o envolve movimenta\u00e7\u00e3o for\u00e7ada de pessoal, fechamento de unidades e cria\u00e7\u00e3o de excedentes, configurando um ambiente de forte press\u00e3o laboral.<\/p>\n<p>&#8220;Embora o banco associe parte dessas iniciativas a estrat\u00e9gias de moderniza\u00e7\u00e3o e acelera\u00e7\u00e3o digital, \u00e9 fundamental que o Parlamento promova um espa\u00e7o de di\u00e1logo transparente para avaliar os efeitos dessas mudan\u00e7as sobre os banc\u00e1rios, a qualidade do atendimento \u00e0 popula\u00e7\u00e3o e o papel estrat\u00e9gico do Banco do Brasil no desenvolvimento nacional&#8221;, defende.<\/p>","protected":false},"excerpt":{"rendered":"<p>Marcelo Camargo\/Ag\u00eancia Brasil Edif\u00edcio-sede do Banco do Brasil, em Bras\u00edlia A Comiss\u00e3o de Trabalho da C\u00e2mara dos Deputados realiza, nesta segunda-feira (2), audi\u00eancia p\u00fablica para debater a reestrutura\u00e7\u00e3o das carreiras no Banco do Brasil.\u00a0O debate atende a pedido da deputada Erika Kokay (PT-DF) e est\u00e1 marcado para as 10 horas, no plen\u00e1rio 12. Veja quem [&hellip;]<\/p>\n","protected":false},"author":0,"featured_media":0,"comment_status":"open","ping_status":"open","sticky":false,"template":"","format":"standard","meta":{"footnotes":""},"categories":[1],"tags":[],"_links":{"self":[{"href":"https:\/\/jeffersonisac.adv.br\/index.php\/wp-json\/wp\/v2\/posts\/15573"}],"collection":[{"href":"https:\/\/jeffersonisac.adv.br\/index.php\/wp-json\/wp\/v2\/posts"}],"about":[{"href":"https:\/\/jeffersonisac.adv.br\/index.php\/wp-json\/wp\/v2\/types\/post"}],"replies":[{"embeddable":true,"href":"https:\/\/jeffersonisac.adv.br\/index.php\/wp-json\/wp\/v2\/comments?post=15573"}],"version-history":[{"count":0,"href":"https:\/\/jeffersonisac.adv.br\/index.php\/wp-json\/wp\/v2\/posts\/15573\/revisions"}],"wp:attachment":[{"href":"https:\/\/jeffersonisac.adv.br\/index.php\/wp-json\/wp\/v2\/media?parent=15573"}],"wp:term":[{"taxonomy":"category","embeddable":true,"href":"https:\/\/jeffersonisac.adv.br\/index.php\/wp-json\/wp\/v2\/categories?post=15573"},{"taxonomy":"post_tag","embeddable":true,"href":"https:\/\/jeffersonisac.adv.br\/index.php\/wp-json\/wp\/v2\/tags?post=15573"}],"curies":[{"name":"wp","href":"https:\/\/api.w.org\/{rel}","templated":true}]}}