{"id":15574,"date":"2026-02-26T16:24:22","date_gmt":"2026-02-26T19:24:22","guid":{"rendered":"https:\/\/jeffersonisac.adv.br\/index.php\/2026\/02\/26\/comissao-debate-propostas-sobre-fundo-de-participacao-dos-municipios-com-governos-do-sudeste\/"},"modified":"2026-02-26T16:24:22","modified_gmt":"2026-02-26T19:24:22","slug":"comissao-debate-propostas-sobre-fundo-de-participacao-dos-municipios-com-governos-do-sudeste","status":"publish","type":"post","link":"https:\/\/jeffersonisac.adv.br\/index.php\/2026\/02\/26\/comissao-debate-propostas-sobre-fundo-de-participacao-dos-municipios-com-governos-do-sudeste\/","title":{"rendered":"Comiss\u00e3o debate propostas sobre Fundo de Participa\u00e7\u00e3o dos Munic\u00edpios com governos do Sudeste"},"content":{"rendered":"<div class=\"image-container\">\n<div class=\"midia-creditos\"><em>Pablo Valadares \/ C\u00e2mara dos Deputados<\/em><\/div>\n<div class=\"media-wrapper\"><\/div>\n<div class=\"midia-legenda\">Deputado Arnaldo Jardim, que pediu a audi\u00eancia p\u00fablica<\/div>\n<\/div>\n<p>A <span class=\"termoGlossario\">comiss\u00e3o especial<\/span> que vai analisar a proposta de emenda \u00e0 Constitui\u00e7\u00e3o sobre aumento de repasses de recursos federais para munic\u00edpios (<a href=\"https:\/\/www.camara.leg.br\/noticias\/633247-pec-aumenta-em-um-ponto-percentual-recursos-destinados-ao-fpm\">PEC 231\/19<\/a>) realizar\u00e1, nesta ter\u00e7a-feira (3), audi\u00eancia p\u00fablica para discutir os impactos das PECs 231\/19, 27\/23 e 25\/22 no setor produtivo do Sudeste. O debate ser\u00e1 realizado \u00e0s 14 horas, no plen\u00e1rio 7.<\/p>\n<p>A audi\u00eancia integra a fase de instru\u00e7\u00e3o da proposta e re\u00fane governadores dos quatro estados do Sudeste para debater os efeitos das mudan\u00e7as na reparti\u00e7\u00e3o de receitas para estados e munic\u00edpios da regi\u00e3o.<\/p>\n<p><a href=\"https:\/\/www.camara.leg.br\/internet\/ordemdodia\/integras\/3088161.htm\">Veja quem foi convidado<\/a><\/p>\n<p>A comiss\u00e3o foi criada para analisar a Proposta de Emenda \u00e0 Constitui\u00e7\u00e3o 231\/19, que altera o art. 159 da Constitui\u00e7\u00e3o Federal para disciplinar a distribui\u00e7\u00e3o de recursos pela Uni\u00e3o ao Fundo de Participa\u00e7\u00e3o dos Munic\u00edpios (FPM).<\/p>\n<p>O debate atende a pedido do deputado Arnaldo Jardim (Cidadania-SP). Segundo o parlamentar, a audi\u00eancia p\u00fablica permitir\u00e1 discutir o fortalecimento do pacto fiscal-federativo e garantir recursos regulares para os governos locais financiarem pol\u00edticas p\u00fablicas essenciais, como sa\u00fade, educa\u00e7\u00e3o, saneamento e habita\u00e7\u00e3o de interesse social.<\/p>\n<p>Arnaldo Jardim acrescenta que a participa\u00e7\u00e3o dos chefes do Poder Executivo dos estados envolvidos ser\u00e1 essencial para a consolida\u00e7\u00e3o de uma proposta t\u00e9cnica e equilibrada, que promova justi\u00e7a fiscal, competitividade regional e gera\u00e7\u00e3o de emprego e renda, contribuindo para o desenvolvimento integrado do Pa\u00eds.<\/p>","protected":false},"excerpt":{"rendered":"<p>Pablo Valadares \/ C\u00e2mara dos Deputados Deputado Arnaldo Jardim, que pediu a audi\u00eancia p\u00fablica A comiss\u00e3o especial que vai analisar a proposta de emenda \u00e0 Constitui\u00e7\u00e3o sobre aumento de repasses de recursos federais para munic\u00edpios (PEC 231\/19) realizar\u00e1, nesta ter\u00e7a-feira (3), audi\u00eancia p\u00fablica para discutir os impactos das PECs 231\/19, 27\/23 e 25\/22 no setor [&hellip;]<\/p>\n","protected":false},"author":0,"featured_media":0,"comment_status":"open","ping_status":"open","sticky":false,"template":"","format":"standard","meta":{"footnotes":""},"categories":[1],"tags":[],"_links":{"self":[{"href":"https:\/\/jeffersonisac.adv.br\/index.php\/wp-json\/wp\/v2\/posts\/15574"}],"collection":[{"href":"https:\/\/jeffersonisac.adv.br\/index.php\/wp-json\/wp\/v2\/posts"}],"about":[{"href":"https:\/\/jeffersonisac.adv.br\/index.php\/wp-json\/wp\/v2\/types\/post"}],"replies":[{"embeddable":true,"href":"https:\/\/jeffersonisac.adv.br\/index.php\/wp-json\/wp\/v2\/comments?post=15574"}],"version-history":[{"count":0,"href":"https:\/\/jeffersonisac.adv.br\/index.php\/wp-json\/wp\/v2\/posts\/15574\/revisions"}],"wp:attachment":[{"href":"https:\/\/jeffersonisac.adv.br\/index.php\/wp-json\/wp\/v2\/media?parent=15574"}],"wp:term":[{"taxonomy":"category","embeddable":true,"href":"https:\/\/jeffersonisac.adv.br\/index.php\/wp-json\/wp\/v2\/categories?post=15574"},{"taxonomy":"post_tag","embeddable":true,"href":"https:\/\/jeffersonisac.adv.br\/index.php\/wp-json\/wp\/v2\/tags?post=15574"}],"curies":[{"name":"wp","href":"https:\/\/api.w.org\/{rel}","templated":true}]}}