{"id":15578,"date":"2026-02-26T17:28:19","date_gmt":"2026-02-26T20:28:19","guid":{"rendered":"https:\/\/jeffersonisac.adv.br\/index.php\/2026\/02\/26\/comissao-aprova-anistia-da-taxa-da-antt-para-empresas-de-onibus-no-periodo-da-pandemia\/"},"modified":"2026-02-26T17:28:19","modified_gmt":"2026-02-26T20:28:19","slug":"comissao-aprova-anistia-da-taxa-da-antt-para-empresas-de-onibus-no-periodo-da-pandemia","status":"publish","type":"post","link":"https:\/\/jeffersonisac.adv.br\/index.php\/2026\/02\/26\/comissao-aprova-anistia-da-taxa-da-antt-para-empresas-de-onibus-no-periodo-da-pandemia\/","title":{"rendered":"Comiss\u00e3o aprova anistia da taxa da ANTT para empresas de \u00f4nibus no per\u00edodo da pandemia"},"content":{"rendered":"<div class=\"image-container\">\n<div class=\"midia-creditos\"><em>Pablo Valadares\/C\u00e2mara dos Deputados<\/em><\/div>\n<div class=\"media-wrapper\"><\/div>\n<div class=\"midia-legenda\">Texto aprovado \u00e9 o substitutivo do relator, Diego Andrade<\/div>\n<\/div>\n<p>A Comiss\u00e3o de Via\u00e7\u00e3o e Transportes da C\u00e2mara dos Deputados aprovou na quarta-feira (25) <a href=\"https:\/\/www.camara.leg.br\/proposicoesWeb\/prop_mostrarintegra?codteor=3028555&amp;filename=Parecer-CVT-2025-10-21\">proposta<\/a> que isenta empresas de \u00f4nibus interestaduais e internacionais do pagamento da taxa da Ag\u00eancia Nacional de Transportes Terrestres (ANTT) referente a 2020 e 2021. A medida beneficia transportadoras prejudicadas pelas medidas de isolamento social durante a pandemia de Covid-19.<\/p>\n<p><span>O texto aprovado \u00e9 o <span class=\"termoGlossario\">substitutivo<\/span> do relator, deputado Diego Andrade (PSD-MG), ao Projeto de Lei 4311\/23, da deputada Nely Aquino (Pode-MG)<\/span>. <span>A nova vers\u00e3o ajustou o per\u00edodo da anistia, que originalmente abrangia at\u00e9 2022, concentrando o benef\u00edcio nos anos de maior impacto financeiro para o setor<\/span><span>.<\/span><\/p>\n<p>\u201cDados da Associa\u00e7\u00e3o Nacional das Empresas de Transportes Urbanos demonstram que a redu\u00e7\u00e3o das viagens realizadas por passageiros foi de 80% em mar\u00e7o de 2020\u201d, destacou o relator.<\/p>\n<p><span>Para as empresas que quitaram as taxas de 2020 e 2021, o projeto permite que os valores sejam compensados com d\u00e9bitos futuros da mesma natureza<\/span><span>. <\/span><span>A compensa\u00e7\u00e3o poder\u00e1 ser feita nos dois anos seguintes ao pagamento, conforme regulamenta\u00e7\u00e3o posterior<\/span><span>.<\/span><\/p>\n<p><span>\u201c<\/span>A principal inova\u00e7\u00e3o do substitutivo reside na substitui\u00e7\u00e3o completa do par\u00e1grafo \u00fanico por dispositivo que estabelece mecanismo de compensa\u00e7\u00e3o para empresas que efetuaram pagamentos da taxa de fiscaliza\u00e7\u00e3o durante os anos de 2020 e 2021\u201d, destacou o relator.<\/p>\n<p>A taxa de fiscaliza\u00e7\u00e3o, no valor de R$ 1.800 por \u00f4nibus, \u00e9 cobrada anualmente das empresas detentoras de autoriza\u00e7\u00e3o ou permiss\u00e3o da ANTT<span>. <\/span><span>Segundo o relator, a anistia \u00e9 necess\u00e1ria para aliviar o caixa das transportadoras que sofreram queda dr\u00e1stica de faturamento no per\u00edodo<\/span><span>.<\/span><\/p>\n<p><strong><span>Pr\u00f3ximas etapas<br \/>\n<\/span><\/strong>A proposta ser\u00e1 ainda analisada, em <span class=\"termoGlossario\">car\u00e1ter conclusivo<\/span>, pelas comiss\u00f5es de Finan\u00e7as e Tributa\u00e7\u00e3o e de Constitui\u00e7\u00e3o e Justi\u00e7a e de Cidadania.<\/p>\n<p>\u00a0Para virar lei, o texto deve ser aprovado pela C\u00e2mara e pelo Senado.<\/p>\n<p><a href=\"https:\/\/www.camara.leg.br\/noticias\/573454-SAIBA-MAIS-SOBRE-A-TRAMITACAO-DE-PROJETOS-DE-LEI\">Saiba mais sobre a tramita\u00e7\u00e3o de projetos de lei<\/a><\/p>","protected":false},"excerpt":{"rendered":"<p>Pablo Valadares\/C\u00e2mara dos Deputados Texto aprovado \u00e9 o substitutivo do relator, Diego Andrade A Comiss\u00e3o de Via\u00e7\u00e3o e Transportes da C\u00e2mara dos Deputados aprovou na quarta-feira (25) proposta que isenta empresas de \u00f4nibus interestaduais e internacionais do pagamento da taxa da Ag\u00eancia Nacional de Transportes Terrestres (ANTT) referente a 2020 e 2021. A medida beneficia [&hellip;]<\/p>\n","protected":false},"author":0,"featured_media":0,"comment_status":"open","ping_status":"open","sticky":false,"template":"","format":"standard","meta":{"footnotes":""},"categories":[1],"tags":[],"_links":{"self":[{"href":"https:\/\/jeffersonisac.adv.br\/index.php\/wp-json\/wp\/v2\/posts\/15578"}],"collection":[{"href":"https:\/\/jeffersonisac.adv.br\/index.php\/wp-json\/wp\/v2\/posts"}],"about":[{"href":"https:\/\/jeffersonisac.adv.br\/index.php\/wp-json\/wp\/v2\/types\/post"}],"replies":[{"embeddable":true,"href":"https:\/\/jeffersonisac.adv.br\/index.php\/wp-json\/wp\/v2\/comments?post=15578"}],"version-history":[{"count":0,"href":"https:\/\/jeffersonisac.adv.br\/index.php\/wp-json\/wp\/v2\/posts\/15578\/revisions"}],"wp:attachment":[{"href":"https:\/\/jeffersonisac.adv.br\/index.php\/wp-json\/wp\/v2\/media?parent=15578"}],"wp:term":[{"taxonomy":"category","embeddable":true,"href":"https:\/\/jeffersonisac.adv.br\/index.php\/wp-json\/wp\/v2\/categories?post=15578"},{"taxonomy":"post_tag","embeddable":true,"href":"https:\/\/jeffersonisac.adv.br\/index.php\/wp-json\/wp\/v2\/tags?post=15578"}],"curies":[{"name":"wp","href":"https:\/\/api.w.org\/{rel}","templated":true}]}}