{"id":15579,"date":"2026-02-26T18:24:24","date_gmt":"2026-02-26T21:24:24","guid":{"rendered":"https:\/\/jeffersonisac.adv.br\/index.php\/2026\/02\/26\/comissao-debate-incidentes-com-passageiros-indisciplinados-em-voos-comerciais\/"},"modified":"2026-02-26T18:24:24","modified_gmt":"2026-02-26T21:24:24","slug":"comissao-debate-incidentes-com-passageiros-indisciplinados-em-voos-comerciais","status":"publish","type":"post","link":"https:\/\/jeffersonisac.adv.br\/index.php\/2026\/02\/26\/comissao-debate-incidentes-com-passageiros-indisciplinados-em-voos-comerciais\/","title":{"rendered":"Comiss\u00e3o debate incidentes com passageiros indisciplinados em voos comerciais"},"content":{"rendered":"<div class=\"image-container\">\n<div class=\"midia-creditos\"><em>kasto\/DepositPhotos<\/em><\/div>\n<div class=\"media-wrapper\"><\/div>\n<div class=\"midia-legenda\">Em 2025 foram registrados 1.764 casos de passageiros indisciplinados<\/div>\n<\/div>\n<p>A Comiss\u00e3o de Via\u00e7\u00e3o e Transportes da C\u00e2mara dos Deputados realiza, nesta ter\u00e7a-feira (3), audi\u00eancia p\u00fablica para debater incidentes com passageiros indisciplinados em voos comerciais. O debate ser\u00e1 realizado \u00e0s 16 horas, em plen\u00e1rio a ser definido.<\/p>\n<p><a href=\"https:\/\/www.camara.leg.br\/evento-legislativo\/81125\">Veja quem foi convidado para o debate <\/a><\/p>\n<p>A audi\u00eancia atende a pedido do deputado Claudio Cajado (PP-BA). Segundo o parlamentar, o objetivo \u00e9 discutir o crescimento de casos registrados no Pa\u00eds e a possibilidade de cria\u00e7\u00e3o de normas mais claras e severas para tratar comportamentos indisciplinados.<\/p>\n<p>Claudio Cajado informa que, em 2025, conforme estudo da Associa\u00e7\u00e3o Brasileira das Empresas A\u00e9reas (Abear), foram registrados 1.764 casos de passageiros indisciplinados, um aumento de 66% em rela\u00e7\u00e3o a 2024. Do total, 288 foram considerados graves, com risco \u00e0 seguran\u00e7a, como agress\u00f5es f\u00edsicas, amea\u00e7as ou tentativa de fumar a bordo.<\/p>\n<p>O deputado afirma que os impactos desses comportamentos incluem atrasos na decolagem, cancelamentos e desvio de voos, al\u00e9m de riscos \u00e0 seguran\u00e7a de passageiros, tripula\u00e7\u00e3o e aeronaves, aumento de custos operacionais das companhias a\u00e9reas e desgaste para profissionais da avia\u00e7\u00e3o.<\/p>\n<p>\u201cDesta forma, esta audi\u00eancia p\u00fablica busca debater a possibilidade de cria\u00e7\u00e3o de normas mais claras e severas para tratar de comportamentos indisciplinados, tais como classifica\u00e7\u00e3o de condutas por n\u00edvel de gravidade, penalidades administrativas e \u2018<em>no fly list<\/em>\u2019 [lista de passageiros vetados], garantindo uma opera\u00e7\u00e3o a\u00e9rea mais segura e impedindo que o passageiro indisciplinado recorrente consiga embarcar t\u00e3o facilmente\u201d, afirma.<\/p>","protected":false},"excerpt":{"rendered":"<p>kasto\/DepositPhotos Em 2025 foram registrados 1.764 casos de passageiros indisciplinados A Comiss\u00e3o de Via\u00e7\u00e3o e Transportes da C\u00e2mara dos Deputados realiza, nesta ter\u00e7a-feira (3), audi\u00eancia p\u00fablica para debater incidentes com passageiros indisciplinados em voos comerciais. O debate ser\u00e1 realizado \u00e0s 16 horas, em plen\u00e1rio a ser definido. Veja quem foi convidado para o debate A [&hellip;]<\/p>\n","protected":false},"author":0,"featured_media":0,"comment_status":"open","ping_status":"open","sticky":false,"template":"","format":"standard","meta":{"footnotes":""},"categories":[1],"tags":[],"_links":{"self":[{"href":"https:\/\/jeffersonisac.adv.br\/index.php\/wp-json\/wp\/v2\/posts\/15579"}],"collection":[{"href":"https:\/\/jeffersonisac.adv.br\/index.php\/wp-json\/wp\/v2\/posts"}],"about":[{"href":"https:\/\/jeffersonisac.adv.br\/index.php\/wp-json\/wp\/v2\/types\/post"}],"replies":[{"embeddable":true,"href":"https:\/\/jeffersonisac.adv.br\/index.php\/wp-json\/wp\/v2\/comments?post=15579"}],"version-history":[{"count":0,"href":"https:\/\/jeffersonisac.adv.br\/index.php\/wp-json\/wp\/v2\/posts\/15579\/revisions"}],"wp:attachment":[{"href":"https:\/\/jeffersonisac.adv.br\/index.php\/wp-json\/wp\/v2\/media?parent=15579"}],"wp:term":[{"taxonomy":"category","embeddable":true,"href":"https:\/\/jeffersonisac.adv.br\/index.php\/wp-json\/wp\/v2\/categories?post=15579"},{"taxonomy":"post_tag","embeddable":true,"href":"https:\/\/jeffersonisac.adv.br\/index.php\/wp-json\/wp\/v2\/tags?post=15579"}],"curies":[{"name":"wp","href":"https:\/\/api.w.org\/{rel}","templated":true}]}}