{"id":15580,"date":"2026-02-26T18:24:24","date_gmt":"2026-02-26T21:24:24","guid":{"rendered":"https:\/\/jeffersonisac.adv.br\/index.php\/2026\/02\/26\/motta-cria-comissao-externa-para-acompanhar-impactos-das-chuvas-em-minas-gerais\/"},"modified":"2026-02-26T18:24:24","modified_gmt":"2026-02-26T21:24:24","slug":"motta-cria-comissao-externa-para-acompanhar-impactos-das-chuvas-em-minas-gerais","status":"publish","type":"post","link":"https:\/\/jeffersonisac.adv.br\/index.php\/2026\/02\/26\/motta-cria-comissao-externa-para-acompanhar-impactos-das-chuvas-em-minas-gerais\/","title":{"rendered":"Motta cria comiss\u00e3o externa para acompanhar impactos das chuvas em Minas Gerais"},"content":{"rendered":"<div class=\"image-container\">\n<div class=\"midia-creditos\"><em>Ag\u00eancia Brasil<\/em><\/div>\n<div class=\"media-wrapper\"><\/div>\n<div class=\"midia-legenda\">Fam\u00edlias atingidas pelas chuvas em Juiz de Fora<\/div>\n<\/div>\n<p>O presidente da C\u00e2mara, Hugo Motta (Republicanos-PB), criou comiss\u00e3o externa para acompanhar, fiscalizar e propor medidas relativas aos impactos das chuvas na regi\u00e3o da Zona da Mata em Minas Gerais. A coordenadora do colegiado designada por Motta \u00e9 a deputada Ana Pimentel (PT-MG). Os integrantes do grupo ser\u00e3o indicados nos pr\u00f3ximos dias e n\u00e3o haver\u00e1 \u00f4nus financeiro para a C\u00e2mara dos Deputados.<\/p>\n<p>A situa\u00e7\u00e3o das chuvas nos munic\u00edpios mineiros \u00e9 cr\u00edtica. O estado enfrenta um dos meses mais chuvosos da sua hist\u00f3ria. O n\u00famero de mortos j\u00e1 passa de 50. H\u00e1 tamb\u00e9m dezenas de desaparecidos, com as equipes de resgate focadas em \u00e1reas de soterramento e inunda\u00e7\u00f5es, e mais de 3.500 desabrigados. A cidade de Juiz de Fora \u00e9 a mais afetada pela trag\u00e9dia.<\/p>\n<p>A cria\u00e7\u00e3o da comiss\u00e3o atende a <a href=\"https:\/\/www.camara.leg.br\/proposicoesWeb\/prop_mostrarintegra?codteor=3088743&amp;filename=REQ%201137\/2026\">requerimento<\/a> de Ana Pimentel. Segundo ela, a cria\u00e7\u00e3o da comiss\u00e3o permitir\u00e1 que parlamentares acompanhem <em>in loco<\/em> a situa\u00e7\u00e3o das \u00e1reas atingidas, dialoguem com autoridades locais, Defesa Civil, Minist\u00e9rio da Integra\u00e7\u00e3o e do Desenvolvimento Regional, Minist\u00e9rio das Cidades, Minist\u00e9rio do Meio Ambiente e Mudan\u00e7a do Clima, al\u00e9m de representantes da sociedade civil,<br \/>\nuniversidades e \u00f3rg\u00e3os t\u00e9cnicos.<\/p>\n<p>&#8220;Trata-se de medida necess\u00e1ria diante da gravidade do ocorrido e da recorr\u00eancia crescente de eventos extremos associados \u00e0s mudan\u00e7as clim\u00e1ticas, que exigem resposta coordenada, planejamento de m\u00e9dio e longo prazo e fortalecimento das pol\u00edticas p\u00fablicas de preven\u00e7\u00e3o e adapta\u00e7\u00e3o&#8221;, afirmou.<\/p>","protected":false},"excerpt":{"rendered":"<p>Ag\u00eancia Brasil Fam\u00edlias atingidas pelas chuvas em Juiz de Fora O presidente da C\u00e2mara, Hugo Motta (Republicanos-PB), criou comiss\u00e3o externa para acompanhar, fiscalizar e propor medidas relativas aos impactos das chuvas na regi\u00e3o da Zona da Mata em Minas Gerais. A coordenadora do colegiado designada por Motta \u00e9 a deputada Ana Pimentel (PT-MG). Os integrantes [&hellip;]<\/p>\n","protected":false},"author":0,"featured_media":0,"comment_status":"open","ping_status":"open","sticky":false,"template":"","format":"standard","meta":{"footnotes":""},"categories":[1],"tags":[],"_links":{"self":[{"href":"https:\/\/jeffersonisac.adv.br\/index.php\/wp-json\/wp\/v2\/posts\/15580"}],"collection":[{"href":"https:\/\/jeffersonisac.adv.br\/index.php\/wp-json\/wp\/v2\/posts"}],"about":[{"href":"https:\/\/jeffersonisac.adv.br\/index.php\/wp-json\/wp\/v2\/types\/post"}],"replies":[{"embeddable":true,"href":"https:\/\/jeffersonisac.adv.br\/index.php\/wp-json\/wp\/v2\/comments?post=15580"}],"version-history":[{"count":0,"href":"https:\/\/jeffersonisac.adv.br\/index.php\/wp-json\/wp\/v2\/posts\/15580\/revisions"}],"wp:attachment":[{"href":"https:\/\/jeffersonisac.adv.br\/index.php\/wp-json\/wp\/v2\/media?parent=15580"}],"wp:term":[{"taxonomy":"category","embeddable":true,"href":"https:\/\/jeffersonisac.adv.br\/index.php\/wp-json\/wp\/v2\/categories?post=15580"},{"taxonomy":"post_tag","embeddable":true,"href":"https:\/\/jeffersonisac.adv.br\/index.php\/wp-json\/wp\/v2\/tags?post=15580"}],"curies":[{"name":"wp","href":"https:\/\/api.w.org\/{rel}","templated":true}]}}