{"id":15581,"date":"2026-02-26T18:24:24","date_gmt":"2026-02-26T21:24:24","guid":{"rendered":"https:\/\/jeffersonisac.adv.br\/index.php\/2026\/02\/26\/entra-em-vigor-lei-que-cria-a-agencia-nacional-de-protecao-de-dados\/"},"modified":"2026-02-26T18:24:24","modified_gmt":"2026-02-26T21:24:24","slug":"entra-em-vigor-lei-que-cria-a-agencia-nacional-de-protecao-de-dados","status":"publish","type":"post","link":"https:\/\/jeffersonisac.adv.br\/index.php\/2026\/02\/26\/entra-em-vigor-lei-que-cria-a-agencia-nacional-de-protecao-de-dados\/","title":{"rendered":"Entra em vigor lei que cria a Ag\u00eancia Nacional de Prote\u00e7\u00e3o de Dados"},"content":{"rendered":"<div class=\"image-container\">\n<div class=\"midia-creditos\"><em>Geraldo Magela\/Ag\u00eancia Senado<\/em><\/div>\n<div class=\"media-wrapper\"><\/div>\n<div class=\"midia-legenda\">Nova ag\u00eancia ficar\u00e1 vinculada ao Minist\u00e9rio da Justi\u00e7a<\/div>\n<\/div>\n<p>Foi sancionada pelo presidente Luiz In\u00e1cio Lula da Silva e publicada no Di\u00e1rio Oficial da Uni\u00e3o (DOU) desta quarta-feira (25) a <a class=\"linkLegislacao\" href=\"https:\/\/www2.camara.gov.br\/legin\/fed\/lei\/2026\/lei-15352-25-fevereiro-2026-798731-norma-pl.html\">Lei 15.352\/26<\/a>, que transforma a Autoridade Nacional de Prote\u00e7\u00e3o de Dados em Ag\u00eancia Nacional de Prote\u00e7\u00e3o de Dados (ANPD). A norma cria ainda 200 cargos de especialista em regula\u00e7\u00e3o de prote\u00e7\u00e3o de dados, os quais ser\u00e3o preenchidos por concurso p\u00fablico.<\/p>\n<p>Uma das principais raz\u00f5es que tornaram necess\u00e1ria a mudan\u00e7a na estrutura e o refor\u00e7o no n\u00famero de cargos, segundo o governo, \u00e9 a nova atribui\u00e7\u00e3o da ANPD de regulamentar o Estatuto Digital da Crian\u00e7a e do Adolescente (ECA Digital). Institu\u00eddo pela Lei 15.211\/25, o estatuto estabelece medidas para esse p\u00fablico no espa\u00e7o virtual. O ECA Digital passa a valer no dia 17 de mar\u00e7o de 2026.<\/p>\n<p>A <a class=\"linkLegislacao\" href=\"https:\/\/www2.camara.gov.br\/legin\/fed\/lei\/2026\/lei-15352-25-fevereiro-2026-798731-norma-pl.html\">Lei 15.352\/26<\/a> teve origem na Medida Provis\u00f3ria 1317\/25, a partir de <span class=\"termoGlossario\">projeto de lei de convers\u00e3o<\/span>.<\/p>\n<p>A nova autarquia ser\u00e1 vinculada ao Minist\u00e9rio da Justi\u00e7a e Seguran\u00e7a P\u00fablica, com autonomia funcional, t\u00e9cnica, decis\u00f3ria, administrativa e financeira e com patrim\u00f4nio pr\u00f3prio. Um \u00f3rg\u00e3o de auditoria tamb\u00e9m ser\u00e1 criado na estrutura da pr\u00f3pria ag\u00eancia.<\/p>\n<p>O cargo efetivo de especialista em regula\u00e7\u00e3o e prote\u00e7\u00e3o de dados ser\u00e1 preenchido por concurso p\u00fablico, com exig\u00eancia de forma\u00e7\u00e3o espec\u00edfica. Os 200 cargos foram criados pela transforma\u00e7\u00e3o de 797 cargos vagos de agente de outras carreiras. Com sobras or\u00e7ament\u00e1rias, tamb\u00e9m foram criados quatro cargos em comiss\u00e3o e 14 fun\u00e7\u00f5es comissionadas (que s\u00f3 podem ser ocupadas por servidores).<\/p>\n<p>Os atuais servidores em atividade no \u00e2mbito da autoridade nacional poder\u00e3o permanecer na ag\u00eancia sem nova autoriza\u00e7\u00e3o de seu \u00f3rg\u00e3o de origem. Al\u00e9m disso, a MP 1317\/25 prorrogou por mais dois anos (de 31 de dezembro de 2026 para 31 de dezembro de 2028) a data limite at\u00e9 a qual a requisi\u00e7\u00e3o de servidores para a ANPD ser\u00e1 irrecus\u00e1vel.<\/p>","protected":false},"excerpt":{"rendered":"<p>Geraldo Magela\/Ag\u00eancia Senado Nova ag\u00eancia ficar\u00e1 vinculada ao Minist\u00e9rio da Justi\u00e7a Foi sancionada pelo presidente Luiz In\u00e1cio Lula da Silva e publicada no Di\u00e1rio Oficial da Uni\u00e3o (DOU) desta quarta-feira (25) a Lei 15.352\/26, que transforma a Autoridade Nacional de Prote\u00e7\u00e3o de Dados em Ag\u00eancia Nacional de Prote\u00e7\u00e3o de Dados (ANPD). A norma cria ainda [&hellip;]<\/p>\n","protected":false},"author":0,"featured_media":0,"comment_status":"open","ping_status":"open","sticky":false,"template":"","format":"standard","meta":{"footnotes":""},"categories":[1],"tags":[],"_links":{"self":[{"href":"https:\/\/jeffersonisac.adv.br\/index.php\/wp-json\/wp\/v2\/posts\/15581"}],"collection":[{"href":"https:\/\/jeffersonisac.adv.br\/index.php\/wp-json\/wp\/v2\/posts"}],"about":[{"href":"https:\/\/jeffersonisac.adv.br\/index.php\/wp-json\/wp\/v2\/types\/post"}],"replies":[{"embeddable":true,"href":"https:\/\/jeffersonisac.adv.br\/index.php\/wp-json\/wp\/v2\/comments?post=15581"}],"version-history":[{"count":0,"href":"https:\/\/jeffersonisac.adv.br\/index.php\/wp-json\/wp\/v2\/posts\/15581\/revisions"}],"wp:attachment":[{"href":"https:\/\/jeffersonisac.adv.br\/index.php\/wp-json\/wp\/v2\/media?parent=15581"}],"wp:term":[{"taxonomy":"category","embeddable":true,"href":"https:\/\/jeffersonisac.adv.br\/index.php\/wp-json\/wp\/v2\/categories?post=15581"},{"taxonomy":"post_tag","embeddable":true,"href":"https:\/\/jeffersonisac.adv.br\/index.php\/wp-json\/wp\/v2\/tags?post=15581"}],"curies":[{"name":"wp","href":"https:\/\/api.w.org\/{rel}","templated":true}]}}